{"id":943,"date":"2024-01-17T15:16:38","date_gmt":"2024-01-17T13:16:38","guid":{"rendered":"https:\/\/blocsenresidencia.bcn.cat\/20232024\/2024\/01\/17\/entrant-a-les-profunditats\/"},"modified":"2024-01-17T15:16:38","modified_gmt":"2024-01-17T13:16:38","slug":"entrant-a-les-profunditats","status":"publish","type":"post","link":"https:\/\/blocsenresidencia.bcn.cat\/20232024\/2024\/01\/17\/entrant-a-les-profunditats\/","title":{"rendered":"Entrant a les profunditats."},"content":{"rendered":"<p>Des de <a href=\"https:\/\/blocsenresidencia.bcn.cat\/jaumebalmes2024\/entrant-a-les-profunditats\/\">Nadia Hafid EN RESiD\u00c8NCiA a l&#8217;Institut Jaume Balmes<\/a><\/p>\n<div>\n<p class=\"has-small-font-size\"><em>\u201cEm pensava que an\u00e0vem a visitar alguna exposici\u00f3, per\u00f2, en canvi, d\u2019aix\u00f2 vam anar a veure el seu interior, les seves catacumbes. (\u2026) Va ser una sortida interessant i inesperada (\u2026). El que no sabia era el proc\u00e9s pel qual passen les obres o escultures a l\u2019haver-se d\u2019exposar\u201d.<\/em><\/p>\n<p class=\"has-small-font-size\">Olivia, alumna.<\/p>\n<p class=\"has-small-font-size\">\u201c<em>Hem conegut que al museu hi ha dipositades m\u00e9s de 300.000 obres, algunes petites, com les monedes i els dibuixos i altres de molt voluminoses i pesades. La quantitat ens ha sorpr\u00e8s\u201d.<\/em><\/p>\n<p class=\"has-small-font-size\">Eva, docent, i grup d\u2019alumnes.<\/p>\n<figure class=\"wp-block-image size-full\"><img fetchpriority=\"high\" decoding=\"async\" width=\"1024\" height=\"768\" src=\"https:\/\/blocsenresidencia.bcn.cat\/jaumebalmes2024\/wp-content\/uploads\/2024\/01\/image.png\" alt=\"\" class=\"wp-image-412\" srcset=\"https:\/\/blocsenresidencia.bcn.cat\/jaumebalmes2024\/wp-content\/uploads\/2024\/01\/image.png 1024w, https:\/\/blocsenresidencia.bcn.cat\/jaumebalmes2024\/wp-content\/uploads\/2024\/01\/image-300x225.png 300w, https:\/\/blocsenresidencia.bcn.cat\/jaumebalmes2024\/wp-content\/uploads\/2024\/01\/image-768x576.png 768w\" sizes=\"(max-width: 767px) 89vw, (max-width: 1000px) 54vw, (max-width: 1071px) 543px, 580px\"><\/figure>\n<figure class=\"wp-block-image size-large is-resized\"><img loading=\"lazy\" decoding=\"async\" width=\"1024\" height=\"768\" src=\"https:\/\/blocsenresidencia.bcn.cat\/jaumebalmes2024\/wp-content\/uploads\/2024\/01\/museu1-1024x768.jpg\" alt=\"\" class=\"wp-image-409\" style=\"width:674px;height:auto\" srcset=\"https:\/\/blocsenresidencia.bcn.cat\/jaumebalmes2024\/wp-content\/uploads\/2024\/01\/museu1-1024x768.jpg 1024w, https:\/\/blocsenresidencia.bcn.cat\/jaumebalmes2024\/wp-content\/uploads\/2024\/01\/museu1-300x225.jpg 300w, https:\/\/blocsenresidencia.bcn.cat\/jaumebalmes2024\/wp-content\/uploads\/2024\/01\/museu1-768x576.jpg 768w, https:\/\/blocsenresidencia.bcn.cat\/jaumebalmes2024\/wp-content\/uploads\/2024\/01\/museu1-1536x1152.jpg 1536w, https:\/\/blocsenresidencia.bcn.cat\/jaumebalmes2024\/wp-content\/uploads\/2024\/01\/museu1.jpg 1600w\" sizes=\"auto, (max-width: 767px) 89vw, (max-width: 1000px) 54vw, (max-width: 1071px) 543px, 580px\"><\/figure>\n<figure class=\"wp-block-image size-large\"><img loading=\"lazy\" decoding=\"async\" width=\"1024\" height=\"768\" src=\"https:\/\/blocsenresidencia.bcn.cat\/jaumebalmes2024\/wp-content\/uploads\/2023\/12\/IMG_20231024_133239-1024x768.jpg\" alt=\"\" class=\"wp-image-340\" srcset=\"https:\/\/blocsenresidencia.bcn.cat\/jaumebalmes2024\/wp-content\/uploads\/2023\/12\/IMG_20231024_133239-1024x768.jpg 1024w, https:\/\/blocsenresidencia.bcn.cat\/jaumebalmes2024\/wp-content\/uploads\/2023\/12\/IMG_20231024_133239-300x225.jpg 300w, https:\/\/blocsenresidencia.bcn.cat\/jaumebalmes2024\/wp-content\/uploads\/2023\/12\/IMG_20231024_133239-768x576.jpg 768w, https:\/\/blocsenresidencia.bcn.cat\/jaumebalmes2024\/wp-content\/uploads\/2023\/12\/IMG_20231024_133239-1536x1152.jpg 1536w, https:\/\/blocsenresidencia.bcn.cat\/jaumebalmes2024\/wp-content\/uploads\/2023\/12\/IMG_20231024_133239-2048x1536.jpg 2048w\" sizes=\"auto, (max-width: 767px) 89vw, (max-width: 1000px) 54vw, (max-width: 1071px) 543px, 580px\"><\/figure>\n<p>El 24 d\u2019octubre de 2023, l\u2019alumnat entra en contacte amb el Museu Nacional d\u2019Art de Catalunya.  Incertesa i curiositat. Els i les alumnes van prenent consci\u00e8ncia que al llarg del curs seran protagonistes d\u2019un proc\u00e9s singular i \u00fanic, amb la complicitat de molts agents, i guiats per la visi\u00f3 art\u00edstica de la Nadia, on el MNAC assolir\u00e0 un paper no nom\u00e9s com a entitat mediadora al costat d\u2019Experimentem amb l\u2019Art sin\u00f3 tamb\u00e9 com a lloc de trobada, inspiraci\u00f3 i recursos, catalitzador d\u2019aquest proc\u00e9s art\u00edstic que acabar\u00e0 a finals de curs. Des de la mediaci\u00f3 compartim algunes preguntes: Com fem aquest primer apropament al MNAC? Com volem obrir el museu? Organitzem una visita a la col\u00b7lecci\u00f3? Volem alguna cosa diferent? Finalment, optem pel risc, la sorpresa i l\u2019experimentaci\u00f3. Apostem perqu\u00e8 l\u2019alumnat conegui el museu capgirat, a l\u2019inrev\u00e9s: de baix a dalt, comen\u00e7ant pels fonaments. Con\u00e8ixer les profunditats del museu, els budells, all\u00f2 que els visitants no veuen. La vida oculta d\u2019un gran edifici que t\u00e9 com a objectiu la cura de segles i segles d\u2019art catal\u00e0. Passegem per les galeries t\u00e8cniques, misterioses i sorprenents, on s\u2019amaguen les m\u00e0quines que fan possible la vida al museu, de la m\u00e0 de Xavier Abell\u00f3, cap d\u2019infraestructures i serveis generals. Tamb\u00e9 accedim a un espai de reserva, on dormen escultures de pedra, esperant a ser exposades o restaurades. De cop, sabem que un museu no \u00e9s nom\u00e9s un espai expositiu sin\u00f3 que t\u00e9 una vida interior.  \u00c9s un refugi de mem\u00f2ries, de tresors art\u00edstics, d\u2019hist\u00f2ria i de vida.<\/p>\n<figure class=\"wp-block-image size-large\"><img loading=\"lazy\" decoding=\"async\" width=\"1024\" height=\"768\" src=\"https:\/\/blocsenresidencia.bcn.cat\/jaumebalmes2024\/wp-content\/uploads\/2024\/01\/museu2-1024x768.jpg\" alt=\"\" class=\"wp-image-411\" srcset=\"https:\/\/blocsenresidencia.bcn.cat\/jaumebalmes2024\/wp-content\/uploads\/2024\/01\/museu2-1024x768.jpg 1024w, https:\/\/blocsenresidencia.bcn.cat\/jaumebalmes2024\/wp-content\/uploads\/2024\/01\/museu2-300x225.jpg 300w, https:\/\/blocsenresidencia.bcn.cat\/jaumebalmes2024\/wp-content\/uploads\/2024\/01\/museu2-768x576.jpg 768w, https:\/\/blocsenresidencia.bcn.cat\/jaumebalmes2024\/wp-content\/uploads\/2024\/01\/museu2-1536x1152.jpg 1536w, https:\/\/blocsenresidencia.bcn.cat\/jaumebalmes2024\/wp-content\/uploads\/2024\/01\/museu2.jpg 1600w\" sizes=\"auto, (max-width: 767px) 89vw, (max-width: 1000px) 54vw, (max-width: 1071px) 543px, 580px\"><\/figure>\n<figure class=\"wp-block-gallery has-nested-images columns-default is-cropped wp-block-gallery-1 is-layout-flex wp-block-gallery-is-layout-flex\">\n<figure class=\"wp-block-image size-large\"><img loading=\"lazy\" decoding=\"async\" width=\"1024\" height=\"768\" data-id=\"342\" src=\"https:\/\/blocsenresidencia.bcn.cat\/jaumebalmes2024\/wp-content\/uploads\/2023\/12\/IMG_20231024_131254-1024x768.jpg\" alt=\"\" class=\"wp-image-342\" srcset=\"https:\/\/blocsenresidencia.bcn.cat\/jaumebalmes2024\/wp-content\/uploads\/2023\/12\/IMG_20231024_131254-1024x768.jpg 1024w, https:\/\/blocsenresidencia.bcn.cat\/jaumebalmes2024\/wp-content\/uploads\/2023\/12\/IMG_20231024_131254-300x225.jpg 300w, https:\/\/blocsenresidencia.bcn.cat\/jaumebalmes2024\/wp-content\/uploads\/2023\/12\/IMG_20231024_131254-768x576.jpg 768w, https:\/\/blocsenresidencia.bcn.cat\/jaumebalmes2024\/wp-content\/uploads\/2023\/12\/IMG_20231024_131254-1536x1152.jpg 1536w, https:\/\/blocsenresidencia.bcn.cat\/jaumebalmes2024\/wp-content\/uploads\/2023\/12\/IMG_20231024_131254-2048x1536.jpg 2048w\" sizes=\"auto, (max-width: 767px) 89vw, (max-width: 1000px) 54vw, (max-width: 1071px) 543px, 580px\"><\/figure>\n<\/figure>\n<p>El seg\u00fcent dimarts, la sessi\u00f3 t\u00e9 lloc a l\u2019institut. Aquesta vegada, amb el ress\u00f2 de la visita anterior, s\u00f3n els alumnes i la professora els qui condueixen la sessi\u00f3. Ens descobreixen, a la Nadia i a l\u2019equip de mediaci\u00f3, all\u00f2 que amaga un institut amb 178 anys d\u2019hist\u00f2ria com el Jaume Balmes. Catacumbes de documents, arxius, mem\u00f2ries, expedients acad\u00e8mics i, el que \u00e9s m\u00e9s sorprenent, una col\u00b7lecci\u00f3 meravellosa d\u2019artefactes cient\u00edfics utilitzats al llarg dels anys per les diferents promocions i que han conformat tot un museu dins de l\u2019institut. Teixim entre totes un nexe que uneix el MNAC i el Jaume Balmes:  s\u00f3n dos equipaments hist\u00f2rics de Barcelona  que guarden i protegeixen un patrimoni. Durant aquestes sessions hem intu\u00eft all\u00f2 que no es veu de les institucions, les nostres ciutats i els nostres edificis, la part no visible de les coses, el valor amagat. I aix\u00f2 ens obre portes a noves reflexions: A la vida i al nostre entorn, qu\u00e8 \u00e9s el que es veu i qu\u00e8 resta ocult? En un proc\u00e9s art\u00edstic, quina \u00e9s la part no visible? Qu\u00e8 bull a la ment i a les intencions d\u2019una artista? Qu\u00e8 batega dins de la seva obra?<\/p>\n<p>David Pablo. <em>T\u00e8cnic d\u2019Educaci\u00f3 i Activitats del MNAC<\/em>. <em>Equip de mediaci\u00f3 EN RESiD\u00c8NCIA<\/em><\/p>\n<p><img decoding=\"async\" src=\"https:\/\/blocsenresidencia.bcn.cat\/jaumebalmes2024\/wp-content\/uploads\/2023\/12\/IMG_20231031_114521-1-768x1024.jpg\" alt=\"Aquesta imatge t\u00e9 l'atribut alt buit; el seu nom \u00e9s IMG_20231031_114521-1-768x1024.jpg\"><\/p>\n<figure class=\"wp-block-image size-large\"><img loading=\"lazy\" decoding=\"async\" width=\"1024\" height=\"768\" src=\"https:\/\/blocsenresidencia.bcn.cat\/jaumebalmes2024\/wp-content\/uploads\/2023\/12\/IMG_20231031_120103-1024x768.jpg\" alt=\"\" class=\"wp-image-344\" srcset=\"https:\/\/blocsenresidencia.bcn.cat\/jaumebalmes2024\/wp-content\/uploads\/2023\/12\/IMG_20231031_120103-1024x768.jpg 1024w, https:\/\/blocsenresidencia.bcn.cat\/jaumebalmes2024\/wp-content\/uploads\/2023\/12\/IMG_20231031_120103-300x225.jpg 300w, https:\/\/blocsenresidencia.bcn.cat\/jaumebalmes2024\/wp-content\/uploads\/2023\/12\/IMG_20231031_120103-768x576.jpg 768w, https:\/\/blocsenresidencia.bcn.cat\/jaumebalmes2024\/wp-content\/uploads\/2023\/12\/IMG_20231031_120103-1536x1152.jpg 1536w, https:\/\/blocsenresidencia.bcn.cat\/jaumebalmes2024\/wp-content\/uploads\/2023\/12\/IMG_20231031_120103-2048x1536.jpg 2048w\" sizes=\"auto, (max-width: 767px) 89vw, (max-width: 1000px) 54vw, (max-width: 1071px) 543px, 580px\"><\/figure>\n<figure class=\"wp-block-image size-large\"><img loading=\"lazy\" decoding=\"async\" width=\"768\" height=\"1024\" src=\"https:\/\/blocsenresidencia.bcn.cat\/jaumebalmes2024\/wp-content\/uploads\/2023\/12\/IMG_20231031_114856-768x1024.jpg\" alt=\"\" class=\"wp-image-346\" srcset=\"https:\/\/blocsenresidencia.bcn.cat\/jaumebalmes2024\/wp-content\/uploads\/2023\/12\/IMG_20231031_114856-768x1024.jpg 768w, https:\/\/blocsenresidencia.bcn.cat\/jaumebalmes2024\/wp-content\/uploads\/2023\/12\/IMG_20231031_114856-225x300.jpg 225w, https:\/\/blocsenresidencia.bcn.cat\/jaumebalmes2024\/wp-content\/uploads\/2023\/12\/IMG_20231031_114856-1152x1536.jpg 1152w, https:\/\/blocsenresidencia.bcn.cat\/jaumebalmes2024\/wp-content\/uploads\/2023\/12\/IMG_20231031_114856-1536x2048.jpg 1536w, https:\/\/blocsenresidencia.bcn.cat\/jaumebalmes2024\/wp-content\/uploads\/2023\/12\/IMG_20231031_114856-scaled.jpg 1920w\" sizes=\"auto, (max-width: 767px) 89vw, (max-width: 1000px) 54vw, (max-width: 1071px) 543px, 580px\"><\/figure>\n<p class=\"has-small-font-size\">\u201c<em>Avui el David Pablo ha vingut per primer cop al Balmes. L\u2019hem esperat amb una visita especial, tamb\u00e9. Hem anat a visitar les entranyes de l\u2019institut plegats. Com l\u2019institut t\u00e9 al voltant de 180 anys, la seva hist\u00f2ria \u00e9s llarga i plena de rastres de la seva evoluci\u00f3. Hem vist l\u2019arxiu dels expedients d\u2019alumnes de 1939. Tamb\u00e9 hem vist mapes i gr\u00e0fics, alguns escrits en alemany, altres en franc\u00e8s. Hem vist catalogades tota mena de col\u00b7leccions de ci\u00e8ncies i instruments de laboratori de principis del S XX. Tamb\u00e9 dos quadres d\u2019antics directors de l\u2019institut que estan malmesos. Hem anat a la sala de professors a veure on estan exposats la resta de quadres. S\u2019ha fet evident que tots els retratats eren homes.\u00a0<\/em><\/p>\n<p class=\"has-small-font-size\"><em>Hem reflexionat sobre la relaci\u00f3 entre les dues visites. Com el que est\u00e0 ocult i no es veu conforma la identitat del que es veu.<\/em>\u201c<\/p>\n<p class=\"has-small-font-size\">Eva, docent, i grup d\u2019alumnes.<\/p>\n<\/p>\n<\/div>\n","protected":false},"excerpt":{"rendered":"<p>Des de Nadia Hafid EN RESiD\u00c8NCiA a l&#8217;Institut Jaume Balmes \u201cEm pensava que an\u00e0vem a visitar alguna exposici\u00f3, per\u00f2, en canvi, d\u2019aix\u00f2 vam anar a veure el seu interior, les seves catacumbes. (\u2026) Va ser una sortida interessant i inesperada (\u2026). El que no sabia era el proc\u00e9s pel qual passen les obres o escultures &hellip; <\/p>\n<p class=\"link-more\"><a href=\"https:\/\/blocsenresidencia.bcn.cat\/20232024\/2024\/01\/17\/entrant-a-les-profunditats\/\" class=\"more-link\">Continua llegint <span class=\"screen-reader-text\">\u00abEntrant a les profunditats.\u00bb<\/span><\/a><\/p>\n","protected":false},"author":5,"featured_media":0,"comment_status":"closed","ping_status":"closed","sticky":false,"template":"","format":"standard","meta":{"footnotes":""},"categories":[1],"tags":[],"class_list":["post-943","post","type-post","status-publish","format-standard","hentry","category-general"],"_links":{"self":[{"href":"https:\/\/blocsenresidencia.bcn.cat\/20232024\/wp-json\/wp\/v2\/posts\/943","targetHints":{"allow":["GET"]}}],"collection":[{"href":"https:\/\/blocsenresidencia.bcn.cat\/20232024\/wp-json\/wp\/v2\/posts"}],"about":[{"href":"https:\/\/blocsenresidencia.bcn.cat\/20232024\/wp-json\/wp\/v2\/types\/post"}],"author":[{"embeddable":true,"href":"https:\/\/blocsenresidencia.bcn.cat\/20232024\/wp-json\/wp\/v2\/users\/5"}],"replies":[{"embeddable":true,"href":"https:\/\/blocsenresidencia.bcn.cat\/20232024\/wp-json\/wp\/v2\/comments?post=943"}],"version-history":[{"count":0,"href":"https:\/\/blocsenresidencia.bcn.cat\/20232024\/wp-json\/wp\/v2\/posts\/943\/revisions"}],"wp:attachment":[{"href":"https:\/\/blocsenresidencia.bcn.cat\/20232024\/wp-json\/wp\/v2\/media?parent=943"}],"wp:term":[{"taxonomy":"category","embeddable":true,"href":"https:\/\/blocsenresidencia.bcn.cat\/20232024\/wp-json\/wp\/v2\/categories?post=943"},{"taxonomy":"post_tag","embeddable":true,"href":"https:\/\/blocsenresidencia.bcn.cat\/20232024\/wp-json\/wp\/v2\/tags?post=943"}],"curies":[{"name":"wp","href":"https:\/\/api.w.org\/{rel}","templated":true}]}}