{"id":945,"date":"2024-01-18T17:03:34","date_gmt":"2024-01-18T15:03:34","guid":{"rendered":"https:\/\/blocsenresidencia.bcn.cat\/20232024\/2024\/01\/18\/brodats-sufragistes-segona-part\/"},"modified":"2024-01-18T17:03:34","modified_gmt":"2024-01-18T15:03:34","slug":"brodats-sufragistes-segona-part","status":"publish","type":"post","link":"https:\/\/blocsenresidencia.bcn.cat\/20232024\/2024\/01\/18\/brodats-sufragistes-segona-part\/","title":{"rendered":"Brodats sufragistes (segona part)"},"content":{"rendered":"<p>Des de <a href=\"https:\/\/blocsenresidencia.bcn.cat\/doctorpuigvert2024\/brodats-sufragistes-segona-part\/\">Valentina Gaia Lops i Ida Barbati EN RESiD\u00c8NCiA a l&#8217;Institut Doctor Puigvert<\/a><\/p>\n<div>\n<figure class=\"wp-block-image size-large\"><img fetchpriority=\"high\" decoding=\"async\" width=\"768\" height=\"1024\" src=\"https:\/\/blocsenresidencia.bcn.cat\/doctorpuigvert2024\/wp-content\/uploads\/2024\/01\/1701692148687-1-768x1024.jpg\" alt=\"\" class=\"wp-image-467\" srcset=\"https:\/\/blocsenresidencia.bcn.cat\/doctorpuigvert2024\/wp-content\/uploads\/2024\/01\/1701692148687-1-768x1024.jpg 768w, https:\/\/blocsenresidencia.bcn.cat\/doctorpuigvert2024\/wp-content\/uploads\/2024\/01\/1701692148687-1-225x300.jpg 225w, https:\/\/blocsenresidencia.bcn.cat\/doctorpuigvert2024\/wp-content\/uploads\/2024\/01\/1701692148687-1-1152x1536.jpg 1152w, https:\/\/blocsenresidencia.bcn.cat\/doctorpuigvert2024\/wp-content\/uploads\/2024\/01\/1701692148687-1-1536x2048.jpg 1536w, https:\/\/blocsenresidencia.bcn.cat\/doctorpuigvert2024\/wp-content\/uploads\/2024\/01\/1701692148687-1-scaled.jpg 1920w\" sizes=\"(max-width: 767px) 89vw, (max-width: 1000px) 54vw, (max-width: 1071px) 543px, 580px\"><\/figure>\n<p>Entre desembre i gener, l\u2019alumnat ha estat acabant la producci\u00f3 dels brodats, seleccionant el lloc del barri (la zona situada entre la Parr\u00f2quia de Sant Andreu de Palomar, Pla\u00e7a Orfila, Pla\u00e7a Comer\u00e7 i C\/ Gran de Sant Andreu) i concretant les preguntes de les entrevistes que es realitzaran a les persones que es trobin durant la intervenci\u00f3 a l\u2019espai p\u00fablic. <\/p>\n<figure class=\"wp-block-image size-large\"><img loading=\"lazy\" decoding=\"async\" width=\"768\" height=\"1024\" src=\"https:\/\/blocsenresidencia.bcn.cat\/doctorpuigvert2024\/wp-content\/uploads\/2024\/01\/20231212_134033-768x1024.jpg\" alt=\"\" class=\"wp-image-468\" srcset=\"https:\/\/blocsenresidencia.bcn.cat\/doctorpuigvert2024\/wp-content\/uploads\/2024\/01\/20231212_134033-768x1024.jpg 768w, https:\/\/blocsenresidencia.bcn.cat\/doctorpuigvert2024\/wp-content\/uploads\/2024\/01\/20231212_134033-225x300.jpg 225w, https:\/\/blocsenresidencia.bcn.cat\/doctorpuigvert2024\/wp-content\/uploads\/2024\/01\/20231212_134033-1152x1536.jpg 1152w, https:\/\/blocsenresidencia.bcn.cat\/doctorpuigvert2024\/wp-content\/uploads\/2024\/01\/20231212_134033-1536x2048.jpg 1536w, https:\/\/blocsenresidencia.bcn.cat\/doctorpuigvert2024\/wp-content\/uploads\/2024\/01\/20231212_134033-scaled.jpg 1920w\" sizes=\"auto, (max-width: 767px) 89vw, (max-width: 1000px) 54vw, (max-width: 1071px) 543px, 580px\"><\/figure>\n<p>Amb la Valentina i la Ida, s\u2019ha estat reflexionant sobre aspectes a tenir en compte en el moment de fer l\u2019entrevista:<\/p>\n<p>-Presentaci\u00f3 inicial (saludar cordialment, mencionar el prop\u00f2sit de l\u2019entrevista, explicar breument el format i l\u2019estructura de l\u2019entrevista, clarificar els temes que es debatran\u2026).<\/p>\n<p>-Autoritzaci\u00f3 per la gravaci\u00f3, documentaci\u00f3 d\u2019\u00e0udio, visual, fotogr\u00e0fica. Explicar com s\u2019utilitzaran els registres.<\/p>\n<p>-Actitud amable, acollidora. Generar un ambient relaxat i sense judici.<\/p>\n<p>Per grups, l\u2019alumnat ha assajat l\u2019acci\u00f3 d\u2019entrevistar en el context de l\u2019institut, preguntant i conversant amb docents, alumnes i altres persones que treballen al centre educatiu, abans de dur a terme l\u2019acci\u00f3 al barri.<\/p>\n<\/div>\n","protected":false},"excerpt":{"rendered":"<p>Des de Valentina Gaia Lops i Ida Barbati EN RESiD\u00c8NCiA a l&#8217;Institut Doctor Puigvert Entre desembre i gener, l\u2019alumnat ha estat acabant la producci\u00f3 dels brodats, seleccionant el lloc del barri (la zona situada entre la Parr\u00f2quia de Sant Andreu de Palomar, Pla\u00e7a Orfila, Pla\u00e7a Comer\u00e7 i C\/ Gran de Sant Andreu) i concretant les &hellip; <\/p>\n<p class=\"link-more\"><a href=\"https:\/\/blocsenresidencia.bcn.cat\/20232024\/2024\/01\/18\/brodats-sufragistes-segona-part\/\" class=\"more-link\">Continua llegint <span class=\"screen-reader-text\">\u00abBrodats sufragistes (segona part)\u00bb<\/span><\/a><\/p>\n","protected":false},"author":5,"featured_media":0,"comment_status":"closed","ping_status":"closed","sticky":false,"template":"","format":"standard","meta":{"footnotes":""},"categories":[1],"tags":[],"class_list":["post-945","post","type-post","status-publish","format-standard","hentry","category-general"],"_links":{"self":[{"href":"https:\/\/blocsenresidencia.bcn.cat\/20232024\/wp-json\/wp\/v2\/posts\/945","targetHints":{"allow":["GET"]}}],"collection":[{"href":"https:\/\/blocsenresidencia.bcn.cat\/20232024\/wp-json\/wp\/v2\/posts"}],"about":[{"href":"https:\/\/blocsenresidencia.bcn.cat\/20232024\/wp-json\/wp\/v2\/types\/post"}],"author":[{"embeddable":true,"href":"https:\/\/blocsenresidencia.bcn.cat\/20232024\/wp-json\/wp\/v2\/users\/5"}],"replies":[{"embeddable":true,"href":"https:\/\/blocsenresidencia.bcn.cat\/20232024\/wp-json\/wp\/v2\/comments?post=945"}],"version-history":[{"count":0,"href":"https:\/\/blocsenresidencia.bcn.cat\/20232024\/wp-json\/wp\/v2\/posts\/945\/revisions"}],"wp:attachment":[{"href":"https:\/\/blocsenresidencia.bcn.cat\/20232024\/wp-json\/wp\/v2\/media?parent=945"}],"wp:term":[{"taxonomy":"category","embeddable":true,"href":"https:\/\/blocsenresidencia.bcn.cat\/20232024\/wp-json\/wp\/v2\/categories?post=945"},{"taxonomy":"post_tag","embeddable":true,"href":"https:\/\/blocsenresidencia.bcn.cat\/20232024\/wp-json\/wp\/v2\/tags?post=945"}],"curies":[{"name":"wp","href":"https:\/\/api.w.org\/{rel}","templated":true}]}}