{"id":947,"date":"2024-01-22T12:35:38","date_gmt":"2024-01-22T10:35:38","guid":{"rendered":"https:\/\/blocsenresidencia.bcn.cat\/20232024\/2024\/01\/22\/bloc-8-10-24-fem-un-resum-del-que-hem-fet-i-ens-posem-al-dia\/"},"modified":"2024-01-22T12:35:38","modified_gmt":"2024-01-22T10:35:38","slug":"bloc-8-10-24-fem-un-resum-del-que-hem-fet-i-ens-posem-al-dia","status":"publish","type":"post","link":"https:\/\/blocsenresidencia.bcn.cat\/20232024\/2024\/01\/22\/bloc-8-10-24-fem-un-resum-del-que-hem-fet-i-ens-posem-al-dia\/","title":{"rendered":"Bloc 8-10-24 Fem un resum del que hem fet i ens posem al dia"},"content":{"rendered":"<p>Des de <a href=\"https:\/\/blocsenresidencia.bcn.cat\/salvatpapasseit2024\/bloc-8-10-24-fem-un-resum-del-que-hem-fet-i-ens-posem-al-dia\/\">Alfredo Costa-Monteiro EN RESiD\u00c8NCiA a l&#8217;Institut Joan Salvat Papasseit<\/a><\/p>\n<div>\n<p>En aquesta assignatura hem apr\u00e8s sobre quins tipos de m\u00fasica existien i els seus or\u00edgens com per exemple: La <strong>poes\u00eda sonora<\/strong>, la m\u00fasica concreta, etc. Hem apr\u00e8s que podem crear qualsevol melod\u00eda amb qualsevol cosa, ja sigui objecte, instrument musical, sorois de l\u2019exterior, amb el nostre cos o veu.<\/p>\n<p>Hem apr\u00e9s que la <strong>poes\u00eda sonora<\/strong> es quasi com qualsevol poesia, sol que les paraules per les que est\u00e1 formada no tenen ningun sentit, com si alguna paraula de la poes\u00eda fos <em>\u201ckinilep\u201d<\/em>.<\/p>\n<p>Hem anat fent melodies al llarg d\u2019aquesta assignatura, ja com a casa, a l\u2019institut o al carrer. Algunes d\u2019aquestes melodies les hem editat, presentat per donar la nostra opini\u00f3. Hem fet presentacions i cada primera classe de la setmana hem redactat en un <em>\u201cBLOG\u201d<\/em> que hav\u00edem fet l\u2019activitat anterior.<\/p>\n<p>Jo no hi vaig poder anar per\u00f2 els meus companys van anar amb el Pau i l\u2019Alfredo a un auditori a presenciar com un mini concert de l\u2019Alfredo.<\/p>\n<p>Per a mi el que m\u2019ha semblat m\u00e9s interessant a sigut quan feiem melodies tots junts, era molt divertit i ho tornaria a fer. Jo propossaria tornar a fer algunes de les primeres activitats d\u2019aquesta assignatura i voldria seguir fent aquestes activitats.<\/p>\n<figure class=\"wp-block-image\"><img fetchpriority=\"high\" decoding=\"async\" width=\"480\" height=\"360\" src=\"https:\/\/blocsenresidencia.bcn.cat\/salvatpapasseit2024\/wp-content\/uploads\/2024\/01\/image-1.png\" alt=\"\" class=\"wp-image-320\" srcset=\"https:\/\/blocsenresidencia.bcn.cat\/salvatpapasseit2024\/wp-content\/uploads\/2024\/01\/image-1.png 480w, https:\/\/blocsenresidencia.bcn.cat\/salvatpapasseit2024\/wp-content\/uploads\/2024\/01\/image-1-300x225.png 300w\" sizes=\"(max-width: 480px) 100vw, 480px\"><\/figure>\n<figure class=\"wp-block-image\"><img loading=\"lazy\" decoding=\"async\" width=\"480\" height=\"360\" src=\"https:\/\/blocsenresidencia.bcn.cat\/salvatpapasseit2024\/wp-content\/uploads\/2024\/01\/image.png\" alt=\"\" class=\"wp-image-319\" srcset=\"https:\/\/blocsenresidencia.bcn.cat\/salvatpapasseit2024\/wp-content\/uploads\/2024\/01\/image.png 480w, https:\/\/blocsenresidencia.bcn.cat\/salvatpapasseit2024\/wp-content\/uploads\/2024\/01\/image-300x225.png 300w\" sizes=\"auto, (max-width: 480px) 100vw, 480px\"><\/figure>\n<\/div>\n","protected":false},"excerpt":{"rendered":"<p>Des de Alfredo Costa-Monteiro EN RESiD\u00c8NCiA a l&#8217;Institut Joan Salvat Papasseit En aquesta assignatura hem apr\u00e8s sobre quins tipos de m\u00fasica existien i els seus or\u00edgens com per exemple: La poes\u00eda sonora, la m\u00fasica concreta, etc. Hem apr\u00e8s que podem crear qualsevol melod\u00eda amb qualsevol cosa, ja sigui objecte, instrument musical, sorois de l\u2019exterior, amb &hellip; <\/p>\n<p class=\"link-more\"><a href=\"https:\/\/blocsenresidencia.bcn.cat\/20232024\/2024\/01\/22\/bloc-8-10-24-fem-un-resum-del-que-hem-fet-i-ens-posem-al-dia\/\" class=\"more-link\">Continua llegint <span class=\"screen-reader-text\">\u00abBloc 8-10-24 Fem un resum del que hem fet i ens posem al dia\u00bb<\/span><\/a><\/p>\n","protected":false},"author":5,"featured_media":0,"comment_status":"closed","ping_status":"closed","sticky":false,"template":"","format":"standard","meta":{"footnotes":""},"categories":[1],"tags":[],"class_list":["post-947","post","type-post","status-publish","format-standard","hentry","category-general"],"_links":{"self":[{"href":"https:\/\/blocsenresidencia.bcn.cat\/20232024\/wp-json\/wp\/v2\/posts\/947","targetHints":{"allow":["GET"]}}],"collection":[{"href":"https:\/\/blocsenresidencia.bcn.cat\/20232024\/wp-json\/wp\/v2\/posts"}],"about":[{"href":"https:\/\/blocsenresidencia.bcn.cat\/20232024\/wp-json\/wp\/v2\/types\/post"}],"author":[{"embeddable":true,"href":"https:\/\/blocsenresidencia.bcn.cat\/20232024\/wp-json\/wp\/v2\/users\/5"}],"replies":[{"embeddable":true,"href":"https:\/\/blocsenresidencia.bcn.cat\/20232024\/wp-json\/wp\/v2\/comments?post=947"}],"version-history":[{"count":0,"href":"https:\/\/blocsenresidencia.bcn.cat\/20232024\/wp-json\/wp\/v2\/posts\/947\/revisions"}],"wp:attachment":[{"href":"https:\/\/blocsenresidencia.bcn.cat\/20232024\/wp-json\/wp\/v2\/media?parent=947"}],"wp:term":[{"taxonomy":"category","embeddable":true,"href":"https:\/\/blocsenresidencia.bcn.cat\/20232024\/wp-json\/wp\/v2\/categories?post=947"},{"taxonomy":"post_tag","embeddable":true,"href":"https:\/\/blocsenresidencia.bcn.cat\/20232024\/wp-json\/wp\/v2\/tags?post=947"}],"curies":[{"name":"wp","href":"https:\/\/api.w.org\/{rel}","templated":true}]}}