{"id":970,"date":"2024-02-01T15:55:39","date_gmt":"2024-02-01T13:55:39","guid":{"rendered":"https:\/\/blocsenresidencia.bcn.cat\/20232024\/2024\/02\/01\/sortida-a-la-fabra-i-coats-19-12-23\/"},"modified":"2024-02-01T15:55:39","modified_gmt":"2024-02-01T13:55:39","slug":"sortida-a-la-fabra-i-coats-19-12-23","status":"publish","type":"post","link":"https:\/\/blocsenresidencia.bcn.cat\/20232024\/2024\/02\/01\/sortida-a-la-fabra-i-coats-19-12-23\/","title":{"rendered":"Sortida a la Fabra i Coats 19\/12\/23"},"content":{"rendered":"<p>Des de <a href=\"https:\/\/blocsenresidencia.bcn.cat\/sagrerasantandreu2024\/sortida-a-la-fabra-i-coats-19-12-23\/\">Tatiana Donoso EN RESiD\u00c8NCiA a l&#8217;Institut La Sagrera Sant Andreu<\/a><\/p>\n<div>\n<p>Sortida a la Fabra i Coats 19\/12\/23<\/p>\n<p>L\u2019\u00faltim dia d\u2019expressi\u00f3 art\u00edstica abans de Nadal, la Lara (substituta de la Tatiana) va portar-nos a veure el coworking de la Fabra i Coats.<br \/>En aquest lloc treballen divers@s artistes, incloses elles dos. Ens van explicar que hi ha un nombre de places disponibles, a les quals pots aspirar presentant un projecte. Si t\u2019accepten, et donen un temps de resid\u00e8ncia despr\u00e9s del qual has de marxar.<br \/>Van portar-nos a veure els tallers de totes dues. La Lara ens va ensenyar imatges d\u2019un projecte en qu\u00e8 va participar anomenat \u201cEres basura\u201d que consistia a fer m\u00fasica amb material reciclat.<br \/>La Tatiana tenia un espai tancat per treballar, dins hi havia algunes de les fotografies intervingudes amb la mateixa t\u00e8cnica que ens va ensenyar a classe. <br \/>Despr\u00e9s d\u2019acabar de passejar per les instal\u00b7lacions, ens van portar a baix a fer una activitat final. <br \/>Com el treball de les nostres artistes tamb\u00e9 t\u00e9 relaci\u00f3 amb la poesia, ens van proposar que seleccion\u00e9ssim una frase que ens agrad\u00e9s dels llibres que hi havia a la taula. Despr\u00e9s, hav\u00edem de pronunciar-la davant del micro mentre la resta de companys feien soroll amb diferents objectes. Tot aix\u00f2 va quedar enregistrat, de tal manera que en conjunt quasi semblava una can\u00e7\u00f3.  <br \/>Aquesta sessi\u00f3 em va semblar for\u00e7a interessant, especialment l\u2019activitat final, que ens va deixar a tots amb un bon sabor de boca abans de marxar de vacances. <\/p>\n<p><img fetchpriority=\"high\" decoding=\"async\" width=\"365\" height=\"204\" src=\"https:\/\/lh7-us.googleusercontent.com\/lWy-dvgdFc_LTuq1TgyPPCpx1gsWf5DMhu3nw4MGJe-Sk3D87FGjaVVVJDiIvQiYoZwzx_fypH3FWpRbdQwyYJvctaLYwQOYHkNwiLDVGqmgwh2E7kcPIYN3pbwFkQ_zLejU50YRtE6eQryYhRnDgw\"><\/p>\n<p><img decoding=\"async\" width=\"424.24083769633506\" height=\"237.13302752293578\" src=\"https:\/\/lh7-us.googleusercontent.com\/9PhXKl-vmShKqHQcIsUhXY-mTBtV0SnmNXxM4gKLjzNzal8EhG9aSnqC_35hRBZ3nRUzBuD_EhjdMK2sYq0_2GP8FSgDUEiTObSkaUOxwGN0SjSsWWKUQ6A-rWpx6W5q-xyPjSfr2tVUeP_0pWTHJw\"><\/p>\n<p><img decoding=\"async\" width=\"496.00451467268624\" height=\"277\" src=\"https:\/\/lh7-us.googleusercontent.com\/eAnnlMmY338N7pHmm-R7LUgspOTxaoT47UJCJgtInlZnTObJwhemqkitAK1W4B8lf76fNcpFbEBhWSmZPN5xOUN6wvIUF_YYOzim8Ts0n15_5PsHgYUGeJ98tzMLI2WMqAFwNHL3q0mK5ei8lhflIA\"><\/p>\n<p>Aquest dijous hem anat a visitar amb la Cremen la Tatiana i   la Lara La Fabra i Coats.<br \/>Primers ens van fer un visita de la Fabra i ens van explicar que ara \u00e9s un taller molt gran on diferents artistes de Barcelona poden rebre una \u201cbeca\u201d per poder treballar en els seus projectes artistes all\u00e0.<br \/>Despr\u00e9s ens han ensenyat el seu taller i al final hem fet un taller de so on escollem un llibre a l\u2019atzar i lleg\u00edem una l\u00ednia que en crides l\u2019atenci\u00f3 mentre els nostres companys sanaven fent \u201cso\u201d al voltant.<br \/>L\u2019activitat va ser bastant bonica i a dames vam poder tenir l\u2019oportunitat experimentar l\u2019art d\u2019una manera diferent.<br \/>\u2013 Cyane <\/p>\n<\/div>\n","protected":false},"excerpt":{"rendered":"<p>Des de Tatiana Donoso EN RESiD\u00c8NCiA a l&#8217;Institut La Sagrera Sant Andreu Sortida a la Fabra i Coats 19\/12\/23 L\u2019\u00faltim dia d\u2019expressi\u00f3 art\u00edstica abans de Nadal, la Lara (substituta de la Tatiana) va portar-nos a veure el coworking de la Fabra i Coats.En aquest lloc treballen divers@s artistes, incloses elles dos. Ens van explicar que &hellip; <\/p>\n<p class=\"link-more\"><a href=\"https:\/\/blocsenresidencia.bcn.cat\/20232024\/2024\/02\/01\/sortida-a-la-fabra-i-coats-19-12-23\/\" class=\"more-link\">Continua llegint <span class=\"screen-reader-text\">\u00abSortida a la Fabra i Coats 19\/12\/23\u00bb<\/span><\/a><\/p>\n","protected":false},"author":5,"featured_media":0,"comment_status":"closed","ping_status":"closed","sticky":false,"template":"","format":"standard","meta":{"footnotes":""},"categories":[1],"tags":[],"class_list":["post-970","post","type-post","status-publish","format-standard","hentry","category-general"],"_links":{"self":[{"href":"https:\/\/blocsenresidencia.bcn.cat\/20232024\/wp-json\/wp\/v2\/posts\/970","targetHints":{"allow":["GET"]}}],"collection":[{"href":"https:\/\/blocsenresidencia.bcn.cat\/20232024\/wp-json\/wp\/v2\/posts"}],"about":[{"href":"https:\/\/blocsenresidencia.bcn.cat\/20232024\/wp-json\/wp\/v2\/types\/post"}],"author":[{"embeddable":true,"href":"https:\/\/blocsenresidencia.bcn.cat\/20232024\/wp-json\/wp\/v2\/users\/5"}],"replies":[{"embeddable":true,"href":"https:\/\/blocsenresidencia.bcn.cat\/20232024\/wp-json\/wp\/v2\/comments?post=970"}],"version-history":[{"count":0,"href":"https:\/\/blocsenresidencia.bcn.cat\/20232024\/wp-json\/wp\/v2\/posts\/970\/revisions"}],"wp:attachment":[{"href":"https:\/\/blocsenresidencia.bcn.cat\/20232024\/wp-json\/wp\/v2\/media?parent=970"}],"wp:term":[{"taxonomy":"category","embeddable":true,"href":"https:\/\/blocsenresidencia.bcn.cat\/20232024\/wp-json\/wp\/v2\/categories?post=970"},{"taxonomy":"post_tag","embeddable":true,"href":"https:\/\/blocsenresidencia.bcn.cat\/20232024\/wp-json\/wp\/v2\/tags?post=970"}],"curies":[{"name":"wp","href":"https:\/\/api.w.org\/{rel}","templated":true}]}}