{"id":975,"date":"2024-02-05T19:52:35","date_gmt":"2024-02-05T17:52:35","guid":{"rendered":"https:\/\/blocsenresidencia.bcn.cat\/20232024\/2024\/02\/05\/un-primer-trimestre-molt-mogut\/"},"modified":"2024-02-05T19:52:35","modified_gmt":"2024-02-05T17:52:35","slug":"un-primer-trimestre-molt-mogut","status":"publish","type":"post","link":"https:\/\/blocsenresidencia.bcn.cat\/20232024\/2024\/02\/05\/un-primer-trimestre-molt-mogut\/","title":{"rendered":"Un primer trimestre molt mogut"},"content":{"rendered":"<p>Des de <a href=\"https:\/\/blocsenresidencia.bcn.cat\/turoroquetes2024\/un-primer-trimestre-molt-mogut\/\">Itxaso Corral i Lara Brown EN RESiD\u00c8NCiA a l&#8217;Institut Escola Tur\u00f3 de Roquetes<\/a><\/p>\n<div>\n<p>Hola a tots i a totes!<\/p>\n<p>Durant les sessions dels primers mesos del curs hem fet activitats que ens han agradat molt i que ens han perm\u00e8s descobrir coses noves, per experimentar de manera m\u00e9s profunda en aquest proc\u00e9s de creaci\u00f3.<\/p>\n<div class=\"wp-block-image\">\n<figure class=\"aligncenter size-full\"><img loading=\"lazy\" decoding=\"async\" width=\"950\" height=\"600\" src=\"https:\/\/blocsenresidencia.bcn.cat\/turoroquetes2024\/wp-content\/uploads\/2024\/02\/002.jpg\" alt=\"\" class=\"wp-image-311\" srcset=\"https:\/\/blocsenresidencia.bcn.cat\/turoroquetes2024\/wp-content\/uploads\/2024\/02\/002.jpg 950w, https:\/\/blocsenresidencia.bcn.cat\/turoroquetes2024\/wp-content\/uploads\/2024\/02\/002-300x189.jpg 300w, https:\/\/blocsenresidencia.bcn.cat\/turoroquetes2024\/wp-content\/uploads\/2024\/02\/002-768x485.jpg 768w\" sizes=\"auto, (max-width: 767px) 89vw, (max-width: 1000px) 54vw, (max-width: 1071px) 543px, 580px\"><figcaption class=\"wp-element-caption\">Presentant-nos amb can\u00e7ons<\/figcaption><\/figure>\n<\/div>\n<p>Ens hem identificat amb la m\u00fasica en grups, presentant-nos a trav\u00e9s de can\u00e7ons, alguns amb la melodia i el ritme i d\u2019altres amb la lletra. Vam escollir can\u00e7ons que ens representessin m\u00e9s enll\u00e0 del seu contingut.<\/p>\n<div class=\"wp-block-image\">\n<figure class=\"aligncenter size-full\"><img loading=\"lazy\" decoding=\"async\" width=\"950\" height=\"600\" src=\"https:\/\/blocsenresidencia.bcn.cat\/turoroquetes2024\/wp-content\/uploads\/2024\/02\/005.jpg\" alt=\"\" class=\"wp-image-314\" srcset=\"https:\/\/blocsenresidencia.bcn.cat\/turoroquetes2024\/wp-content\/uploads\/2024\/02\/005.jpg 950w, https:\/\/blocsenresidencia.bcn.cat\/turoroquetes2024\/wp-content\/uploads\/2024\/02\/005-300x189.jpg 300w, https:\/\/blocsenresidencia.bcn.cat\/turoroquetes2024\/wp-content\/uploads\/2024\/02\/005-768x485.jpg 768w\" sizes=\"auto, (max-width: 767px) 89vw, (max-width: 1000px) 54vw, (max-width: 1071px) 543px, 580px\"><figcaption class=\"wp-element-caption\">Reinterpretacions del dibuix anat\u00f2mic Peter Jenny<\/figcaption><\/figure>\n<\/div>\n<p>A m\u00e9s, hem parlat de forma conjunta sobre la idea de la coreografia, desconstruint-ne el concepte i analitzant els diferents elements vinculats. La inspiraci\u00f3 amb el nostre objecte preferit ens va servir per donar-li valor a tres qualitats que considerem que pot aportar al treball en grup.<\/p>\n<p>Hem muntat un full gran entre tots i totes enganxant diversos folis. All\u00ed vam escriure i dibuixar tot all\u00f2 que representa que \u00e9s per a nosaltres l\u2019art.<\/p>\n<div class=\"wp-block-image\">\n<figure class=\"aligncenter size-full\"><img loading=\"lazy\" decoding=\"async\" width=\"950\" height=\"600\" src=\"https:\/\/blocsenresidencia.bcn.cat\/turoroquetes2024\/wp-content\/uploads\/2024\/02\/003.jpg\" alt=\"\" class=\"wp-image-312\" srcset=\"https:\/\/blocsenresidencia.bcn.cat\/turoroquetes2024\/wp-content\/uploads\/2024\/02\/003.jpg 950w, https:\/\/blocsenresidencia.bcn.cat\/turoroquetes2024\/wp-content\/uploads\/2024\/02\/003-300x189.jpg 300w, https:\/\/blocsenresidencia.bcn.cat\/turoroquetes2024\/wp-content\/uploads\/2024\/02\/003-768x485.jpg 768w\" sizes=\"auto, (max-width: 767px) 89vw, (max-width: 1000px) 54vw, (max-width: 1071px) 543px, 580px\"><figcaption class=\"wp-element-caption\">Mural sobre que \u00e9s l\u2019art per a nosaltres<\/figcaption><\/figure>\n<\/div>\n<p>Tamb\u00e9 hem reflexionat sobre com podem construir un personatge i hem experimentat a ser diferents personatges decidint com \u00e9s i com interactua cadascun, tenint que enfrontar-nos a canvis i decisions en la seva interacci\u00f3 amb la resta.<\/p>\n<div class=\"wp-block-image\">\n<figure class=\"aligncenter size-full\"><img loading=\"lazy\" decoding=\"async\" width=\"950\" height=\"600\" src=\"https:\/\/blocsenresidencia.bcn.cat\/turoroquetes2024\/wp-content\/uploads\/2024\/02\/004.jpg\" alt=\"\" class=\"wp-image-313\" srcset=\"https:\/\/blocsenresidencia.bcn.cat\/turoroquetes2024\/wp-content\/uploads\/2024\/02\/004.jpg 950w, https:\/\/blocsenresidencia.bcn.cat\/turoroquetes2024\/wp-content\/uploads\/2024\/02\/004-300x189.jpg 300w, https:\/\/blocsenresidencia.bcn.cat\/turoroquetes2024\/wp-content\/uploads\/2024\/02\/004-768x485.jpg 768w\" sizes=\"auto, (max-width: 767px) 89vw, (max-width: 1000px) 54vw, (max-width: 1071px) 543px, 580px\"><figcaption class=\"wp-element-caption\">Activitat col\u00b7laborat iva al gimn\u00e0s<\/figcaption><\/figure>\n<\/div>\n<p>Despr\u00e9s de les vacances anirem de visita a La Caldera. Ja us contarem com va l\u2019experi\u00e8ncia!<\/p>\n<\/div>\n","protected":false},"excerpt":{"rendered":"<p>Des de Itxaso Corral i Lara Brown EN RESiD\u00c8NCiA a l&#8217;Institut Escola Tur\u00f3 de Roquetes Hola a tots i a totes! Durant les sessions dels primers mesos del curs hem fet activitats que ens han agradat molt i que ens han perm\u00e8s descobrir coses noves, per experimentar de manera m\u00e9s profunda en aquest proc\u00e9s de &hellip; <\/p>\n<p class=\"link-more\"><a href=\"https:\/\/blocsenresidencia.bcn.cat\/20232024\/2024\/02\/05\/un-primer-trimestre-molt-mogut\/\" class=\"more-link\">Continua llegint <span class=\"screen-reader-text\">\u00abUn primer trimestre molt mogut\u00bb<\/span><\/a><\/p>\n","protected":false},"author":5,"featured_media":0,"comment_status":"closed","ping_status":"closed","sticky":false,"template":"","format":"standard","meta":{"footnotes":""},"categories":[1],"tags":[],"class_list":["post-975","post","type-post","status-publish","format-standard","hentry","category-general"],"_links":{"self":[{"href":"https:\/\/blocsenresidencia.bcn.cat\/20232024\/wp-json\/wp\/v2\/posts\/975","targetHints":{"allow":["GET"]}}],"collection":[{"href":"https:\/\/blocsenresidencia.bcn.cat\/20232024\/wp-json\/wp\/v2\/posts"}],"about":[{"href":"https:\/\/blocsenresidencia.bcn.cat\/20232024\/wp-json\/wp\/v2\/types\/post"}],"author":[{"embeddable":true,"href":"https:\/\/blocsenresidencia.bcn.cat\/20232024\/wp-json\/wp\/v2\/users\/5"}],"replies":[{"embeddable":true,"href":"https:\/\/blocsenresidencia.bcn.cat\/20232024\/wp-json\/wp\/v2\/comments?post=975"}],"version-history":[{"count":0,"href":"https:\/\/blocsenresidencia.bcn.cat\/20232024\/wp-json\/wp\/v2\/posts\/975\/revisions"}],"wp:attachment":[{"href":"https:\/\/blocsenresidencia.bcn.cat\/20232024\/wp-json\/wp\/v2\/media?parent=975"}],"wp:term":[{"taxonomy":"category","embeddable":true,"href":"https:\/\/blocsenresidencia.bcn.cat\/20232024\/wp-json\/wp\/v2\/categories?post=975"},{"taxonomy":"post_tag","embeddable":true,"href":"https:\/\/blocsenresidencia.bcn.cat\/20232024\/wp-json\/wp\/v2\/tags?post=975"}],"curies":[{"name":"wp","href":"https:\/\/api.w.org\/{rel}","templated":true}]}}