{"id":979,"date":"2024-02-19T09:42:05","date_gmt":"2024-02-19T07:42:05","guid":{"rendered":"https:\/\/blocsenresidencia.bcn.cat\/20232024\/2024\/02\/19\/sessio-13\/"},"modified":"2024-02-19T09:42:05","modified_gmt":"2024-02-19T07:42:05","slug":"sessio-13","status":"publish","type":"post","link":"https:\/\/blocsenresidencia.bcn.cat\/20232024\/2024\/02\/19\/sessio-13\/","title":{"rendered":"Sessi\u00f3 13"},"content":{"rendered":"<p>Des de <a href=\"https:\/\/blocsenresidencia.bcn.cat\/eixample2024\/sessio-13\/\">Juana Dolores EN RESiD\u00c8NCiA a l&#8217;Institut Escola Eixample<\/a><\/p>\n<div>\n<p>La sessi\u00f3 13 vam comen\u00e7ar en una rotllana en qu\u00e8 la Joana ens preguntava com ens agradaven les sessions. Despr\u00e9s vam fer uns estiraments dirigits per la Joana, i tot seguit sense saber-ho eren portes obertes i van comen\u00e7ar a arribar alumnes de prim\u00e0ria, vam haver de tallar l\u2019activitat que an\u00e0vem a fer, i improvisar. La Joana ens va prometre llaminadures si f\u00e8iem la nostra obra\/versi\u00f3 dels tres porquets. La vam fer i em vaig sentir molt menys nervi\u00f3s del que pensava, ens va sortir b\u00e9 menys que no vam acabar de completar i de personalitzar la nostra obra. Al final la Joana ja quan els nens se\u2019n van anar ens va separar per nous grups per acabar de crear els personatges del meu grup per finalitzar la classe presentant els nostres personatges en ordre.<\/p>\n<p>(Paolo)<\/p>\n<p>En aquesta sessi\u00f3, primer vam fer estiraments tombats, que tamb\u00e9 podria comptar com un exercici de relaxaci\u00f3 i connexi\u00f3 amb un mateix. Repassem tot el que vam fer les classes anteriors, a part, el curs de cinqu\u00e8 de prim\u00e0ria va venir a veure un tros del que portem preparat, van sortir el grup del Fuong, el Paolo, l\u2019Enzo i l\u2019Eric, i entre bastidors est\u00e0vem la Ivet, el Nil i jo.<\/p>\n<p>Quan finalment es van anar, continuem la classe i ens desviem una mica del tipus d\u2019improvisacions que hem fet durant el curs, per la qual cosa comen\u00e7arem a treballar els mon\u00f2legs i aix\u00f2, des del meu punt de vista, ens ajuda a corregir els errors m\u00e9s precisos, la postura corporal, la projecci\u00f3 de la veu, la vocalitzaci\u00f3 i, \u00f2bviament, ajuda a improvisar pel teu compte un tema sense haver d\u2019avorrir a la resta per\u00f2 tampoc depenent d\u2019ell.<\/p>\n<p>Aquestes sessions estan sent molt \u00fatils per\u00f2, crec que anem una mica justos de temps per a tenir alguna cosa a presentar als professors la setmana vinent.<\/p>\n<p>(Aina)<\/p>\n<p>Al principi de la sessi\u00f3 vam escollir que fer, i al final va sortir de fer uns estiraments en el terre molt estranys. Quan vam acabar van arribar uns nens i van decidir que un grup fagi una impro dels 3 porquets pels nens per ensenyar que fem en creadors.<\/p>\n<p>Jo penso que he estat molt tranquil perqu\u00e8 el resta de les persones que no han fet la impro ens hem quedat com espectadors i ha sigut una mica divertit, despr\u00e9s la Joana vam parlar de com millorar la impro i la soluci\u00f3 i va ser donar-li una personalitat diferent a cadascun per diferenciar qui \u00e9s qui, al final va sortir un per un fent una presentaci\u00f3 amb un altre personalitat.<\/p>\n<p>(John)<\/p>\n<figure class=\"wp-block-gallery has-nested-images columns-default is-cropped wp-block-gallery-1 is-layout-flex wp-block-gallery-is-layout-flex\">\n<figure class=\"wp-block-image size-large\"><img fetchpriority=\"high\" decoding=\"async\" width=\"1024\" height=\"768\" data-id=\"362\" src=\"https:\/\/blocsenresidencia.bcn.cat\/eixample2024\/wp-content\/uploads\/2024\/02\/IMG_20240214_092707-1024x768.jpg\" alt=\"\" class=\"wp-image-362\" srcset=\"https:\/\/blocsenresidencia.bcn.cat\/eixample2024\/wp-content\/uploads\/2024\/02\/IMG_20240214_092707-1024x768.jpg 1024w, https:\/\/blocsenresidencia.bcn.cat\/eixample2024\/wp-content\/uploads\/2024\/02\/IMG_20240214_092707-300x225.jpg 300w, https:\/\/blocsenresidencia.bcn.cat\/eixample2024\/wp-content\/uploads\/2024\/02\/IMG_20240214_092707-768x576.jpg 768w, https:\/\/blocsenresidencia.bcn.cat\/eixample2024\/wp-content\/uploads\/2024\/02\/IMG_20240214_092707-1536x1152.jpg 1536w, https:\/\/blocsenresidencia.bcn.cat\/eixample2024\/wp-content\/uploads\/2024\/02\/IMG_20240214_092707-2048x1536.jpg 2048w\" sizes=\"(max-width: 767px) 89vw, (max-width: 1000px) 54vw, (max-width: 1071px) 543px, 580px\"><\/figure>\n<figure class=\"wp-block-image size-large\"><img loading=\"lazy\" decoding=\"async\" width=\"1024\" height=\"768\" data-id=\"363\" src=\"https:\/\/blocsenresidencia.bcn.cat\/eixample2024\/wp-content\/uploads\/2024\/02\/IMG_20240214_092721-1024x768.jpg\" alt=\"\" class=\"wp-image-363\" srcset=\"https:\/\/blocsenresidencia.bcn.cat\/eixample2024\/wp-content\/uploads\/2024\/02\/IMG_20240214_092721-1024x768.jpg 1024w, https:\/\/blocsenresidencia.bcn.cat\/eixample2024\/wp-content\/uploads\/2024\/02\/IMG_20240214_092721-300x225.jpg 300w, https:\/\/blocsenresidencia.bcn.cat\/eixample2024\/wp-content\/uploads\/2024\/02\/IMG_20240214_092721-768x576.jpg 768w, https:\/\/blocsenresidencia.bcn.cat\/eixample2024\/wp-content\/uploads\/2024\/02\/IMG_20240214_092721-1536x1152.jpg 1536w, https:\/\/blocsenresidencia.bcn.cat\/eixample2024\/wp-content\/uploads\/2024\/02\/IMG_20240214_092721-2048x1536.jpg 2048w\" sizes=\"auto, (max-width: 767px) 89vw, (max-width: 1000px) 54vw, (max-width: 1071px) 543px, 580px\"><\/figure>\n<\/figure>\n<\/div>\n","protected":false},"excerpt":{"rendered":"<p>Des de Juana Dolores EN RESiD\u00c8NCiA a l&#8217;Institut Escola Eixample La sessi\u00f3 13 vam comen\u00e7ar en una rotllana en qu\u00e8 la Joana ens preguntava com ens agradaven les sessions. Despr\u00e9s vam fer uns estiraments dirigits per la Joana, i tot seguit sense saber-ho eren portes obertes i van comen\u00e7ar a arribar alumnes de prim\u00e0ria, vam &hellip; <\/p>\n<p class=\"link-more\"><a href=\"https:\/\/blocsenresidencia.bcn.cat\/20232024\/2024\/02\/19\/sessio-13\/\" class=\"more-link\">Continua llegint <span class=\"screen-reader-text\">\u00abSessi\u00f3 13\u00bb<\/span><\/a><\/p>\n","protected":false},"author":5,"featured_media":0,"comment_status":"closed","ping_status":"closed","sticky":false,"template":"","format":"standard","meta":{"footnotes":""},"categories":[1],"tags":[],"class_list":["post-979","post","type-post","status-publish","format-standard","hentry","category-general"],"_links":{"self":[{"href":"https:\/\/blocsenresidencia.bcn.cat\/20232024\/wp-json\/wp\/v2\/posts\/979","targetHints":{"allow":["GET"]}}],"collection":[{"href":"https:\/\/blocsenresidencia.bcn.cat\/20232024\/wp-json\/wp\/v2\/posts"}],"about":[{"href":"https:\/\/blocsenresidencia.bcn.cat\/20232024\/wp-json\/wp\/v2\/types\/post"}],"author":[{"embeddable":true,"href":"https:\/\/blocsenresidencia.bcn.cat\/20232024\/wp-json\/wp\/v2\/users\/5"}],"replies":[{"embeddable":true,"href":"https:\/\/blocsenresidencia.bcn.cat\/20232024\/wp-json\/wp\/v2\/comments?post=979"}],"version-history":[{"count":0,"href":"https:\/\/blocsenresidencia.bcn.cat\/20232024\/wp-json\/wp\/v2\/posts\/979\/revisions"}],"wp:attachment":[{"href":"https:\/\/blocsenresidencia.bcn.cat\/20232024\/wp-json\/wp\/v2\/media?parent=979"}],"wp:term":[{"taxonomy":"category","embeddable":true,"href":"https:\/\/blocsenresidencia.bcn.cat\/20232024\/wp-json\/wp\/v2\/categories?post=979"},{"taxonomy":"post_tag","embeddable":true,"href":"https:\/\/blocsenresidencia.bcn.cat\/20232024\/wp-json\/wp\/v2\/tags?post=979"}],"curies":[{"name":"wp","href":"https:\/\/api.w.org\/{rel}","templated":true}]}}