{"id":981,"date":"2024-02-19T17:08:31","date_gmt":"2024-02-19T15:08:31","guid":{"rendered":"https:\/\/blocsenresidencia.bcn.cat\/20232024\/2024\/02\/19\/sessio-en-obert\/"},"modified":"2024-02-19T17:08:31","modified_gmt":"2024-02-19T15:08:31","slug":"sessio-en-obert","status":"publish","type":"post","link":"https:\/\/blocsenresidencia.bcn.cat\/20232024\/2024\/02\/19\/sessio-en-obert\/","title":{"rendered":"Sessi\u00f3 en obert"},"content":{"rendered":"<p>Des de <a href=\"https:\/\/blocsenresidencia.bcn.cat\/turoroquetes2024\/sessio-en-obert\/\">Itxaso Corral i Lara Brown EN RESiD\u00c8NCiA a l&#8217;Institut Escola Tur\u00f3 de Roquetes<\/a><\/p>\n<div>\n<p>El passat dimarts 13 de febrer vam fer una sessi\u00f3 de EN RESiD\u00c8NCiA al gimn\u00e0s del nostre institut, per\u00f2 aquest cop en obert a companys\/es de primer, segon i tercer d\u2019ESO, docents i membres de l\u2019equip directiu. Van venir la Lucia Buedo i la Cristina Riera, que ja venen alguns cops perqu\u00e8 comissarien i coordinen aquest proc\u00e9s creatiu des de La Caldera. Com que era una ocasi\u00f3 especial, tamb\u00e9 va assistir el Javier Cuevas, director art\u00edstic de La Caldera; el Carles Giner, de l\u2019Institut de Cultura de Barcelona (ICUB) i la Mamen Zaera, del Centre de Recursos Pedag\u00f2gics (CRP).<\/p>\n<figure class=\"wp-block-image size-full\"><img fetchpriority=\"high\" decoding=\"async\" width=\"950\" height=\"600\" src=\"https:\/\/blocsenresidencia.bcn.cat\/turoroquetes2024\/wp-content\/uploads\/2024\/02\/009.jpg\" alt=\"\" class=\"wp-image-326\" srcset=\"https:\/\/blocsenresidencia.bcn.cat\/turoroquetes2024\/wp-content\/uploads\/2024\/02\/009.jpg 950w, https:\/\/blocsenresidencia.bcn.cat\/turoroquetes2024\/wp-content\/uploads\/2024\/02\/009-300x189.jpg 300w, https:\/\/blocsenresidencia.bcn.cat\/turoroquetes2024\/wp-content\/uploads\/2024\/02\/009-768x485.jpg 768w\" sizes=\"(max-width: 767px) 89vw, (max-width: 1000px) 54vw, (max-width: 1071px) 543px, 580px\"><figcaption class=\"wp-element-caption\">Movent-nos per l\u2019espai del gimn\u00e0s<\/figcaption><\/figure>\n<p>Vam mostrar un exercici on ens freg\u00e0vem una pilota invisible pel cos per escalfar i tamb\u00e9 vam caminar de diferents maneres per diversos espais del gimn\u00e0s.<\/p>\n<p>Ens vam sentir amb nervis i vergonya perqu\u00e8 era el primer cop que ho compart\u00edem davant d\u2019altres persones i n\u2019hi havia moltes. Per\u00f2 tamb\u00e9 ens vam sentir amb molta alegria perqu\u00e8 l\u2019experi\u00e8ncia va ser emocionant. El p\u00fablic va respondre molt b\u00e9 i va aplaudir molt. Aix\u00f2 ens motiva per continuar treballant i poder presentar una pe\u00e7a creativa davant de p\u00fablic repetint l\u2019experi\u00e8ncia.<\/p>\n<\/div>\n","protected":false},"excerpt":{"rendered":"<p>Des de Itxaso Corral i Lara Brown EN RESiD\u00c8NCiA a l&#8217;Institut Escola Tur\u00f3 de Roquetes El passat dimarts 13 de febrer vam fer una sessi\u00f3 de EN RESiD\u00c8NCiA al gimn\u00e0s del nostre institut, per\u00f2 aquest cop en obert a companys\/es de primer, segon i tercer d\u2019ESO, docents i membres de l\u2019equip directiu. Van venir la &hellip; <\/p>\n<p class=\"link-more\"><a href=\"https:\/\/blocsenresidencia.bcn.cat\/20232024\/2024\/02\/19\/sessio-en-obert\/\" class=\"more-link\">Continua llegint <span class=\"screen-reader-text\">\u00abSessi\u00f3 en obert\u00bb<\/span><\/a><\/p>\n","protected":false},"author":5,"featured_media":0,"comment_status":"closed","ping_status":"closed","sticky":false,"template":"","format":"standard","meta":{"footnotes":""},"categories":[1],"tags":[],"class_list":["post-981","post","type-post","status-publish","format-standard","hentry","category-general"],"_links":{"self":[{"href":"https:\/\/blocsenresidencia.bcn.cat\/20232024\/wp-json\/wp\/v2\/posts\/981","targetHints":{"allow":["GET"]}}],"collection":[{"href":"https:\/\/blocsenresidencia.bcn.cat\/20232024\/wp-json\/wp\/v2\/posts"}],"about":[{"href":"https:\/\/blocsenresidencia.bcn.cat\/20232024\/wp-json\/wp\/v2\/types\/post"}],"author":[{"embeddable":true,"href":"https:\/\/blocsenresidencia.bcn.cat\/20232024\/wp-json\/wp\/v2\/users\/5"}],"replies":[{"embeddable":true,"href":"https:\/\/blocsenresidencia.bcn.cat\/20232024\/wp-json\/wp\/v2\/comments?post=981"}],"version-history":[{"count":0,"href":"https:\/\/blocsenresidencia.bcn.cat\/20232024\/wp-json\/wp\/v2\/posts\/981\/revisions"}],"wp:attachment":[{"href":"https:\/\/blocsenresidencia.bcn.cat\/20232024\/wp-json\/wp\/v2\/media?parent=981"}],"wp:term":[{"taxonomy":"category","embeddable":true,"href":"https:\/\/blocsenresidencia.bcn.cat\/20232024\/wp-json\/wp\/v2\/categories?post=981"},{"taxonomy":"post_tag","embeddable":true,"href":"https:\/\/blocsenresidencia.bcn.cat\/20232024\/wp-json\/wp\/v2\/tags?post=981"}],"curies":[{"name":"wp","href":"https:\/\/api.w.org\/{rel}","templated":true}]}}