{"id":982,"date":"2024-02-19T22:32:33","date_gmt":"2024-02-19T20:32:33","guid":{"rendered":"https:\/\/blocsenresidencia.bcn.cat\/20232024\/2024\/02\/19\/ja-hem-arribat-a-la-sessio-oberta\/"},"modified":"2024-02-19T22:32:33","modified_gmt":"2024-02-19T20:32:33","slug":"ja-hem-arribat-a-la-sessio-oberta","status":"publish","type":"post","link":"https:\/\/blocsenresidencia.bcn.cat\/20232024\/2024\/02\/19\/ja-hem-arribat-a-la-sessio-oberta\/","title":{"rendered":"Ja hem arribat a la Sessi\u00f3 Oberta"},"content":{"rendered":"<p>Des de <a href=\"https:\/\/blocsenresidencia.bcn.cat\/vallhebron2024\/ja-hem-arribat-a-la-sessio-oberta\/\">Antonio Ortega EN RESiD\u00c8NCiA a l&#8217;Institut Vall d&#8217;Hebron<\/a><\/p>\n<div>\n<p>Enguany tenint en compte la disponibilitat del centre, de l\u2019artista i l\u2019organitzaci\u00f3, es va decidir fer la <strong>sessi\u00f3 oberta<\/strong>, oberta al m\u00e0xim de p\u00fablic del centre, aix\u00ed la resta d\u2019alumnes tamb\u00e9 van poder veure que fan els seus companys de En Resid\u00e8ncia.<\/p>\n<p>Els alumnes es van sentir molt acompanyats pels amics de classe i el professorat tamb\u00e9 va poder formar part de la sessi\u00f3.<\/p>\n<figure class=\"wp-block-image size-large\"><img fetchpriority=\"high\" decoding=\"async\" width=\"1024\" height=\"768\" src=\"https:\/\/blocsenresidencia.bcn.cat\/vallhebron2024\/wp-content\/uploads\/2024\/02\/Foto-de-Joan-7-1-1024x768.jpg\" alt=\"\" class=\"wp-image-421\" srcset=\"https:\/\/blocsenresidencia.bcn.cat\/vallhebron2024\/wp-content\/uploads\/2024\/02\/Foto-de-Joan-7-1-1024x768.jpg 1024w, https:\/\/blocsenresidencia.bcn.cat\/vallhebron2024\/wp-content\/uploads\/2024\/02\/Foto-de-Joan-7-1-300x225.jpg 300w, https:\/\/blocsenresidencia.bcn.cat\/vallhebron2024\/wp-content\/uploads\/2024\/02\/Foto-de-Joan-7-1-768x576.jpg 768w, https:\/\/blocsenresidencia.bcn.cat\/vallhebron2024\/wp-content\/uploads\/2024\/02\/Foto-de-Joan-7-1-1536x1152.jpg 1536w, https:\/\/blocsenresidencia.bcn.cat\/vallhebron2024\/wp-content\/uploads\/2024\/02\/Foto-de-Joan-7-1.jpg 1600w\" sizes=\"(max-width: 767px) 89vw, (max-width: 1000px) 54vw, (max-width: 1071px) 543px, 580px\"><\/figure>\n<figure class=\"wp-block-gallery has-nested-images columns-default is-cropped wp-block-gallery-1 is-layout-flex wp-block-gallery-is-layout-flex\">\n<figure class=\"wp-block-image size-large\"><img loading=\"lazy\" decoding=\"async\" width=\"1024\" height=\"768\" data-id=\"414\" src=\"https:\/\/blocsenresidencia.bcn.cat\/vallhebron2024\/wp-content\/uploads\/2024\/02\/Foto-de-Joan-8-1024x768.jpg\" alt=\"\" class=\"wp-image-414\" srcset=\"https:\/\/blocsenresidencia.bcn.cat\/vallhebron2024\/wp-content\/uploads\/2024\/02\/Foto-de-Joan-8-1024x768.jpg 1024w, https:\/\/blocsenresidencia.bcn.cat\/vallhebron2024\/wp-content\/uploads\/2024\/02\/Foto-de-Joan-8-300x225.jpg 300w, https:\/\/blocsenresidencia.bcn.cat\/vallhebron2024\/wp-content\/uploads\/2024\/02\/Foto-de-Joan-8-768x576.jpg 768w, https:\/\/blocsenresidencia.bcn.cat\/vallhebron2024\/wp-content\/uploads\/2024\/02\/Foto-de-Joan-8-1536x1152.jpg 1536w, https:\/\/blocsenresidencia.bcn.cat\/vallhebron2024\/wp-content\/uploads\/2024\/02\/Foto-de-Joan-8.jpg 1600w\" sizes=\"auto, (max-width: 767px) 89vw, (max-width: 1000px) 54vw, (max-width: 1071px) 543px, 580px\"><\/figure>\n<\/figure>\n<figure class=\"wp-block-gallery has-nested-images columns-default is-cropped wp-block-gallery-2 is-layout-flex wp-block-gallery-is-layout-flex\">\n<figure class=\"wp-block-image size-large\"><img loading=\"lazy\" decoding=\"async\" width=\"1024\" height=\"768\" data-id=\"417\" src=\"https:\/\/blocsenresidencia.bcn.cat\/vallhebron2024\/wp-content\/uploads\/2024\/02\/Foto-de-Joan-1-1024x768.jpg\" alt=\"\" class=\"wp-image-417\" srcset=\"https:\/\/blocsenresidencia.bcn.cat\/vallhebron2024\/wp-content\/uploads\/2024\/02\/Foto-de-Joan-1-1024x768.jpg 1024w, https:\/\/blocsenresidencia.bcn.cat\/vallhebron2024\/wp-content\/uploads\/2024\/02\/Foto-de-Joan-1-300x225.jpg 300w, https:\/\/blocsenresidencia.bcn.cat\/vallhebron2024\/wp-content\/uploads\/2024\/02\/Foto-de-Joan-1-768x576.jpg 768w, https:\/\/blocsenresidencia.bcn.cat\/vallhebron2024\/wp-content\/uploads\/2024\/02\/Foto-de-Joan-1-1536x1152.jpg 1536w, https:\/\/blocsenresidencia.bcn.cat\/vallhebron2024\/wp-content\/uploads\/2024\/02\/Foto-de-Joan-1.jpg 1600w\" sizes=\"auto, (max-width: 767px) 89vw, (max-width: 1000px) 54vw, (max-width: 1071px) 543px, 580px\"><\/figure>\n<figure class=\"wp-block-image size-large\"><img loading=\"lazy\" decoding=\"async\" width=\"768\" height=\"1024\" data-id=\"415\" src=\"https:\/\/blocsenresidencia.bcn.cat\/vallhebron2024\/wp-content\/uploads\/2024\/02\/Foto-de-Joan-2-768x1024.jpg\" alt=\"\" class=\"wp-image-415\" srcset=\"https:\/\/blocsenresidencia.bcn.cat\/vallhebron2024\/wp-content\/uploads\/2024\/02\/Foto-de-Joan-2-768x1024.jpg 768w, https:\/\/blocsenresidencia.bcn.cat\/vallhebron2024\/wp-content\/uploads\/2024\/02\/Foto-de-Joan-2-225x300.jpg 225w, https:\/\/blocsenresidencia.bcn.cat\/vallhebron2024\/wp-content\/uploads\/2024\/02\/Foto-de-Joan-2-1152x1536.jpg 1152w, https:\/\/blocsenresidencia.bcn.cat\/vallhebron2024\/wp-content\/uploads\/2024\/02\/Foto-de-Joan-2.jpg 1200w\" sizes=\"auto, (max-width: 767px) 89vw, (max-width: 1000px) 54vw, (max-width: 1071px) 543px, 580px\"><\/figure>\n<figure class=\"wp-block-image size-large\"><img loading=\"lazy\" decoding=\"async\" width=\"1024\" height=\"768\" data-id=\"418\" src=\"https:\/\/blocsenresidencia.bcn.cat\/vallhebron2024\/wp-content\/uploads\/2024\/02\/Foto-de-Joan-3-1024x768.jpg\" alt=\"\" class=\"wp-image-418\" srcset=\"https:\/\/blocsenresidencia.bcn.cat\/vallhebron2024\/wp-content\/uploads\/2024\/02\/Foto-de-Joan-3-1024x768.jpg 1024w, https:\/\/blocsenresidencia.bcn.cat\/vallhebron2024\/wp-content\/uploads\/2024\/02\/Foto-de-Joan-3-300x225.jpg 300w, https:\/\/blocsenresidencia.bcn.cat\/vallhebron2024\/wp-content\/uploads\/2024\/02\/Foto-de-Joan-3-768x576.jpg 768w, https:\/\/blocsenresidencia.bcn.cat\/vallhebron2024\/wp-content\/uploads\/2024\/02\/Foto-de-Joan-3-1536x1152.jpg 1536w, https:\/\/blocsenresidencia.bcn.cat\/vallhebron2024\/wp-content\/uploads\/2024\/02\/Foto-de-Joan-3.jpg 1600w\" sizes=\"auto, (max-width: 767px) 89vw, (max-width: 1000px) 54vw, (max-width: 1071px) 543px, 580px\"><\/figure>\n<figure class=\"wp-block-image size-large\"><img loading=\"lazy\" decoding=\"async\" width=\"1024\" height=\"768\" data-id=\"416\" src=\"https:\/\/blocsenresidencia.bcn.cat\/vallhebron2024\/wp-content\/uploads\/2024\/02\/Foto-de-Joan-4-1024x768.jpg\" alt=\"\" class=\"wp-image-416\" srcset=\"https:\/\/blocsenresidencia.bcn.cat\/vallhebron2024\/wp-content\/uploads\/2024\/02\/Foto-de-Joan-4-1024x768.jpg 1024w, https:\/\/blocsenresidencia.bcn.cat\/vallhebron2024\/wp-content\/uploads\/2024\/02\/Foto-de-Joan-4-300x225.jpg 300w, https:\/\/blocsenresidencia.bcn.cat\/vallhebron2024\/wp-content\/uploads\/2024\/02\/Foto-de-Joan-4-768x576.jpg 768w, https:\/\/blocsenresidencia.bcn.cat\/vallhebron2024\/wp-content\/uploads\/2024\/02\/Foto-de-Joan-4-1536x1152.jpg 1536w, https:\/\/blocsenresidencia.bcn.cat\/vallhebron2024\/wp-content\/uploads\/2024\/02\/Foto-de-Joan-4.jpg 1600w\" sizes=\"auto, (max-width: 767px) 89vw, (max-width: 1000px) 54vw, (max-width: 1071px) 543px, 580px\"><\/figure>\n<\/figure>\n<figure class=\"wp-block-image size-large\"><img loading=\"lazy\" decoding=\"async\" width=\"1024\" height=\"768\" src=\"https:\/\/blocsenresidencia.bcn.cat\/vallhebron2024\/wp-content\/uploads\/2024\/02\/Foto-de-Joan-9-1-1024x768.jpg\" alt=\"\" class=\"wp-image-423\" srcset=\"https:\/\/blocsenresidencia.bcn.cat\/vallhebron2024\/wp-content\/uploads\/2024\/02\/Foto-de-Joan-9-1-1024x768.jpg 1024w, https:\/\/blocsenresidencia.bcn.cat\/vallhebron2024\/wp-content\/uploads\/2024\/02\/Foto-de-Joan-9-1-300x225.jpg 300w, https:\/\/blocsenresidencia.bcn.cat\/vallhebron2024\/wp-content\/uploads\/2024\/02\/Foto-de-Joan-9-1-768x576.jpg 768w, https:\/\/blocsenresidencia.bcn.cat\/vallhebron2024\/wp-content\/uploads\/2024\/02\/Foto-de-Joan-9-1-1536x1152.jpg 1536w, https:\/\/blocsenresidencia.bcn.cat\/vallhebron2024\/wp-content\/uploads\/2024\/02\/Foto-de-Joan-9-1.jpg 1600w\" sizes=\"auto, (max-width: 767px) 89vw, (max-width: 1000px) 54vw, (max-width: 1071px) 543px, 580px\"><\/figure>\n<\/div>\n","protected":false},"excerpt":{"rendered":"<p>Des de Antonio Ortega EN RESiD\u00c8NCiA a l&#8217;Institut Vall d&#8217;Hebron Enguany tenint en compte la disponibilitat del centre, de l\u2019artista i l\u2019organitzaci\u00f3, es va decidir fer la sessi\u00f3 oberta, oberta al m\u00e0xim de p\u00fablic del centre, aix\u00ed la resta d\u2019alumnes tamb\u00e9 van poder veure que fan els seus companys de En Resid\u00e8ncia. Els alumnes es &hellip; <\/p>\n<p class=\"link-more\"><a href=\"https:\/\/blocsenresidencia.bcn.cat\/20232024\/2024\/02\/19\/ja-hem-arribat-a-la-sessio-oberta\/\" class=\"more-link\">Continua llegint <span class=\"screen-reader-text\">\u00abJa hem arribat a la Sessi\u00f3 Oberta\u00bb<\/span><\/a><\/p>\n","protected":false},"author":5,"featured_media":0,"comment_status":"closed","ping_status":"closed","sticky":false,"template":"","format":"standard","meta":{"footnotes":""},"categories":[1],"tags":[],"class_list":["post-982","post","type-post","status-publish","format-standard","hentry","category-general"],"_links":{"self":[{"href":"https:\/\/blocsenresidencia.bcn.cat\/20232024\/wp-json\/wp\/v2\/posts\/982","targetHints":{"allow":["GET"]}}],"collection":[{"href":"https:\/\/blocsenresidencia.bcn.cat\/20232024\/wp-json\/wp\/v2\/posts"}],"about":[{"href":"https:\/\/blocsenresidencia.bcn.cat\/20232024\/wp-json\/wp\/v2\/types\/post"}],"author":[{"embeddable":true,"href":"https:\/\/blocsenresidencia.bcn.cat\/20232024\/wp-json\/wp\/v2\/users\/5"}],"replies":[{"embeddable":true,"href":"https:\/\/blocsenresidencia.bcn.cat\/20232024\/wp-json\/wp\/v2\/comments?post=982"}],"version-history":[{"count":0,"href":"https:\/\/blocsenresidencia.bcn.cat\/20232024\/wp-json\/wp\/v2\/posts\/982\/revisions"}],"wp:attachment":[{"href":"https:\/\/blocsenresidencia.bcn.cat\/20232024\/wp-json\/wp\/v2\/media?parent=982"}],"wp:term":[{"taxonomy":"category","embeddable":true,"href":"https:\/\/blocsenresidencia.bcn.cat\/20232024\/wp-json\/wp\/v2\/categories?post=982"},{"taxonomy":"post_tag","embeddable":true,"href":"https:\/\/blocsenresidencia.bcn.cat\/20232024\/wp-json\/wp\/v2\/tags?post=982"}],"curies":[{"name":"wp","href":"https:\/\/api.w.org\/{rel}","templated":true}]}}