{"id":997,"date":"2024-03-03T18:03:41","date_gmt":"2024-03-03T16:03:41","guid":{"rendered":"https:\/\/blocsenresidencia.bcn.cat\/20232024\/2024\/03\/03\/sessio-del-professorat\/"},"modified":"2024-03-03T18:03:41","modified_gmt":"2024-03-03T16:03:41","slug":"sessio-del-professorat","status":"publish","type":"post","link":"https:\/\/blocsenresidencia.bcn.cat\/20232024\/2024\/03\/03\/sessio-del-professorat\/","title":{"rendered":"Sessi\u00f3 del professorat"},"content":{"rendered":"<p>Des de <a href=\"https:\/\/blocsenresidencia.bcn.cat\/moli2024\/sessio-del-professorat\/\">Mariona Ca\u00f1adas i Pedro Mur\u00faa EN RESiD\u00c8NCiA a l&#8217;Institut Escola El Mol\u00ed<\/a><\/p>\n<div>\n<figure class=\"wp-block-image size-full\"><img loading=\"lazy\" decoding=\"async\" width=\"915\" height=\"677\" src=\"https:\/\/blocsenresidencia.bcn.cat\/moli2024\/wp-content\/uploads\/2024\/02\/dillunsprofessorat2-1.jpg\" alt=\"\" class=\"wp-image-835\" srcset=\"https:\/\/blocsenresidencia.bcn.cat\/moli2024\/wp-content\/uploads\/2024\/02\/dillunsprofessorat2-1.jpg 915w, https:\/\/blocsenresidencia.bcn.cat\/moli2024\/wp-content\/uploads\/2024\/02\/dillunsprofessorat2-1-300x222.jpg 300w, https:\/\/blocsenresidencia.bcn.cat\/moli2024\/wp-content\/uploads\/2024\/02\/dillunsprofessorat2-1-768x568.jpg 768w\" sizes=\"auto, (max-width: 767px) 89vw, (max-width: 1000px) 54vw, (max-width: 1071px) 543px, 580px\"><\/figure>\n<figure class=\"wp-block-image size-large\"><img loading=\"lazy\" decoding=\"async\" width=\"1001\" height=\"643\" src=\"https:\/\/blocsenresidencia.bcn.cat\/moli2024\/wp-content\/uploads\/2024\/02\/dillunsprofessorat5-1.jpg\" alt=\"\" class=\"wp-image-842\" srcset=\"https:\/\/blocsenresidencia.bcn.cat\/moli2024\/wp-content\/uploads\/2024\/02\/dillunsprofessorat5-1.jpg 1001w, https:\/\/blocsenresidencia.bcn.cat\/moli2024\/wp-content\/uploads\/2024\/02\/dillunsprofessorat5-1-300x193.jpg 300w, https:\/\/blocsenresidencia.bcn.cat\/moli2024\/wp-content\/uploads\/2024\/02\/dillunsprofessorat5-1-768x493.jpg 768w\" sizes=\"auto, (max-width: 767px) 89vw, (max-width: 1000px) 54vw, (max-width: 1071px) 543px, 580px\"><\/figure>\n<figure class=\"wp-block-image size-large\"><img loading=\"lazy\" decoding=\"async\" width=\"1009\" height=\"682\" src=\"https:\/\/blocsenresidencia.bcn.cat\/moli2024\/wp-content\/uploads\/2024\/02\/dillunsprofessorat9-1.jpg\" alt=\"\" class=\"wp-image-844\" srcset=\"https:\/\/blocsenresidencia.bcn.cat\/moli2024\/wp-content\/uploads\/2024\/02\/dillunsprofessorat9-1.jpg 1009w, https:\/\/blocsenresidencia.bcn.cat\/moli2024\/wp-content\/uploads\/2024\/02\/dillunsprofessorat9-1-300x203.jpg 300w, https:\/\/blocsenresidencia.bcn.cat\/moli2024\/wp-content\/uploads\/2024\/02\/dillunsprofessorat9-1-768x519.jpg 768w\" sizes=\"auto, (max-width: 767px) 89vw, (max-width: 1000px) 54vw, (max-width: 1071px) 543px, 580px\"><\/figure>\n<figure class=\"wp-block-gallery has-nested-images columns-default is-cropped wp-block-gallery-2 is-layout-flex wp-block-gallery-is-layout-flex\">\n<figure class=\"wp-block-image size-large\"><img loading=\"lazy\" decoding=\"async\" width=\"1015\" height=\"694\" data-id=\"849\" src=\"https:\/\/blocsenresidencia.bcn.cat\/moli2024\/wp-content\/uploads\/2024\/02\/dillunsprofessorat6-2.jpg\" alt=\"\" class=\"wp-image-849\" srcset=\"https:\/\/blocsenresidencia.bcn.cat\/moli2024\/wp-content\/uploads\/2024\/02\/dillunsprofessorat6-2.jpg 1015w, https:\/\/blocsenresidencia.bcn.cat\/moli2024\/wp-content\/uploads\/2024\/02\/dillunsprofessorat6-2-300x205.jpg 300w, https:\/\/blocsenresidencia.bcn.cat\/moli2024\/wp-content\/uploads\/2024\/02\/dillunsprofessorat6-2-768x525.jpg 768w\" sizes=\"auto, (max-width: 767px) 89vw, (max-width: 1000px) 54vw, (max-width: 1071px) 543px, 580px\"><\/figure>\n<figure class=\"wp-block-image size-large\"><img loading=\"lazy\" decoding=\"async\" width=\"1024\" height=\"674\" data-id=\"850\" src=\"https:\/\/blocsenresidencia.bcn.cat\/moli2024\/wp-content\/uploads\/2024\/02\/previa_prof4-1-1024x674.jpg\" alt=\"\" class=\"wp-image-850\" srcset=\"https:\/\/blocsenresidencia.bcn.cat\/moli2024\/wp-content\/uploads\/2024\/02\/previa_prof4-1-1024x674.jpg 1024w, https:\/\/blocsenresidencia.bcn.cat\/moli2024\/wp-content\/uploads\/2024\/02\/previa_prof4-1-300x197.jpg 300w, https:\/\/blocsenresidencia.bcn.cat\/moli2024\/wp-content\/uploads\/2024\/02\/previa_prof4-1-768x506.jpg 768w, https:\/\/blocsenresidencia.bcn.cat\/moli2024\/wp-content\/uploads\/2024\/02\/previa_prof4-1.jpg 1030w\" sizes=\"auto, (max-width: 767px) 89vw, (max-width: 1000px) 54vw, (max-width: 1071px) 543px, 580px\"><\/figure>\n<\/figure>\n<figure class=\"wp-block-gallery has-nested-images columns-default is-cropped wp-block-gallery-3 is-layout-flex wp-block-gallery-is-layout-flex\">\n<figure class=\"wp-block-image size-large\"><img loading=\"lazy\" decoding=\"async\" width=\"936\" height=\"625\" data-id=\"840\" src=\"https:\/\/blocsenresidencia.bcn.cat\/moli2024\/wp-content\/uploads\/2024\/02\/dillunsprofessorat4-1.jpg\" alt=\"\" class=\"wp-image-840\" srcset=\"https:\/\/blocsenresidencia.bcn.cat\/moli2024\/wp-content\/uploads\/2024\/02\/dillunsprofessorat4-1.jpg 936w, https:\/\/blocsenresidencia.bcn.cat\/moli2024\/wp-content\/uploads\/2024\/02\/dillunsprofessorat4-1-300x200.jpg 300w, https:\/\/blocsenresidencia.bcn.cat\/moli2024\/wp-content\/uploads\/2024\/02\/dillunsprofessorat4-1-768x513.jpg 768w\" sizes=\"auto, (max-width: 767px) 89vw, (max-width: 1000px) 54vw, (max-width: 1071px) 543px, 580px\"><\/figure>\n<\/figure>\n<figure class=\"wp-block-image size-full\"><img loading=\"lazy\" decoding=\"async\" width=\"979\" height=\"688\" src=\"https:\/\/blocsenresidencia.bcn.cat\/moli2024\/wp-content\/uploads\/2024\/02\/dillunsprofessorat12-1.jpg\" alt=\"\" class=\"wp-image-833\" srcset=\"https:\/\/blocsenresidencia.bcn.cat\/moli2024\/wp-content\/uploads\/2024\/02\/dillunsprofessorat12-1.jpg 979w, https:\/\/blocsenresidencia.bcn.cat\/moli2024\/wp-content\/uploads\/2024\/02\/dillunsprofessorat12-1-300x211.jpg 300w, https:\/\/blocsenresidencia.bcn.cat\/moli2024\/wp-content\/uploads\/2024\/02\/dillunsprofessorat12-1-768x540.jpg 768w\" sizes=\"auto, (max-width: 767px) 89vw, (max-width: 1000px) 54vw, (max-width: 1071px) 543px, 580px\"><\/figure>\n<figure class=\"wp-block-image size-full\"><img loading=\"lazy\" decoding=\"async\" width=\"892\" height=\"687\" src=\"https:\/\/blocsenresidencia.bcn.cat\/moli2024\/wp-content\/uploads\/2024\/02\/dillunsprofessorat8-1.jpg\" alt=\"\" class=\"wp-image-838\" srcset=\"https:\/\/blocsenresidencia.bcn.cat\/moli2024\/wp-content\/uploads\/2024\/02\/dillunsprofessorat8-1.jpg 892w, https:\/\/blocsenresidencia.bcn.cat\/moli2024\/wp-content\/uploads\/2024\/02\/dillunsprofessorat8-1-300x231.jpg 300w, https:\/\/blocsenresidencia.bcn.cat\/moli2024\/wp-content\/uploads\/2024\/02\/dillunsprofessorat8-1-768x591.jpg 768w\" sizes=\"auto, (max-width: 767px) 89vw, (max-width: 1000px) 54vw, (max-width: 1071px) 543px, 580px\"><\/figure>\n<figure class=\"wp-block-image size-large\"><img loading=\"lazy\" decoding=\"async\" width=\"995\" height=\"564\" src=\"https:\/\/blocsenresidencia.bcn.cat\/moli2024\/wp-content\/uploads\/2024\/02\/dillunsprofessorat14.jpg\" alt=\"\" class=\"wp-image-847\" srcset=\"https:\/\/blocsenresidencia.bcn.cat\/moli2024\/wp-content\/uploads\/2024\/02\/dillunsprofessorat14.jpg 995w, https:\/\/blocsenresidencia.bcn.cat\/moli2024\/wp-content\/uploads\/2024\/02\/dillunsprofessorat14-300x170.jpg 300w, https:\/\/blocsenresidencia.bcn.cat\/moli2024\/wp-content\/uploads\/2024\/02\/dillunsprofessorat14-768x435.jpg 768w\" sizes=\"auto, (max-width: 767px) 89vw, (max-width: 1000px) 54vw, (max-width: 1071px) 543px, 580px\"><\/figure>\n<figure class=\"wp-block-gallery has-nested-images columns-default is-cropped wp-block-gallery-4 is-layout-flex wp-block-gallery-is-layout-flex\">\n<figure class=\"wp-block-image size-large\"><img loading=\"lazy\" decoding=\"async\" width=\"970\" height=\"611\" data-id=\"826\" src=\"https:\/\/blocsenresidencia.bcn.cat\/moli2024\/wp-content\/uploads\/2024\/02\/dillunsprofessorat121.jpg\" alt=\"\" class=\"wp-image-826\" srcset=\"https:\/\/blocsenresidencia.bcn.cat\/moli2024\/wp-content\/uploads\/2024\/02\/dillunsprofessorat121.jpg 970w, https:\/\/blocsenresidencia.bcn.cat\/moli2024\/wp-content\/uploads\/2024\/02\/dillunsprofessorat121-300x189.jpg 300w, https:\/\/blocsenresidencia.bcn.cat\/moli2024\/wp-content\/uploads\/2024\/02\/dillunsprofessorat121-768x484.jpg 768w\" sizes=\"auto, (max-width: 767px) 89vw, (max-width: 1000px) 54vw, (max-width: 1071px) 543px, 580px\"><\/figure>\n<figure class=\"wp-block-image size-large\"><img loading=\"lazy\" decoding=\"async\" width=\"1024\" height=\"644\" data-id=\"845\" src=\"https:\/\/blocsenresidencia.bcn.cat\/moli2024\/wp-content\/uploads\/2024\/02\/dillunsprofessorat10-2-1024x644.jpg\" alt=\"\" class=\"wp-image-845\" srcset=\"https:\/\/blocsenresidencia.bcn.cat\/moli2024\/wp-content\/uploads\/2024\/02\/dillunsprofessorat10-2-1024x644.jpg 1024w, https:\/\/blocsenresidencia.bcn.cat\/moli2024\/wp-content\/uploads\/2024\/02\/dillunsprofessorat10-2-300x189.jpg 300w, https:\/\/blocsenresidencia.bcn.cat\/moli2024\/wp-content\/uploads\/2024\/02\/dillunsprofessorat10-2-768x483.jpg 768w, https:\/\/blocsenresidencia.bcn.cat\/moli2024\/wp-content\/uploads\/2024\/02\/dillunsprofessorat10-2.jpg 1042w\" sizes=\"auto, (max-width: 767px) 89vw, (max-width: 1000px) 54vw, (max-width: 1071px) 543px, 580px\"><\/figure>\n<\/figure>\n<figure class=\"wp-block-image size-full\"><img loading=\"lazy\" decoding=\"async\" width=\"978\" height=\"706\" src=\"https:\/\/blocsenresidencia.bcn.cat\/moli2024\/wp-content\/uploads\/2024\/02\/dillunsprofessorat7-1.jpg\" alt=\"\" class=\"wp-image-843\" srcset=\"https:\/\/blocsenresidencia.bcn.cat\/moli2024\/wp-content\/uploads\/2024\/02\/dillunsprofessorat7-1.jpg 978w, https:\/\/blocsenresidencia.bcn.cat\/moli2024\/wp-content\/uploads\/2024\/02\/dillunsprofessorat7-1-300x217.jpg 300w, https:\/\/blocsenresidencia.bcn.cat\/moli2024\/wp-content\/uploads\/2024\/02\/dillunsprofessorat7-1-768x554.jpg 768w\" sizes=\"auto, (max-width: 767px) 89vw, (max-width: 1000px) 54vw, (max-width: 1071px) 543px, 580px\"><\/figure>\n<p>Al moment del tancament, per part del professorat, hi ha hagut comentaris i felicitacions tant pel treball realitzat com pel muntatge de la sessi\u00f3. Els assistents han agra\u00eft el fet d\u2019haver-los obert les portes per con\u00e8ixer En Resid\u00e8ncia a trav\u00e9s d\u2019un recorregut experiencial.<\/p>\n<p>Tamb\u00e9 la sessi\u00f3 ha desplegat curiositat, preguntes\u2026 Principalment el professorat ha demanat, per una banda, valoracions personals a l\u2019alumnat del recorregut fet, d\u2019all\u00f2 apr\u00e8s i viscut. D\u2019altra banda, han preguntat pel \u201c<em>i ara qu\u00e8?<\/em>\u201cCom seguir\u00e0 el treball d\u2019En Resid\u00e8ncia a partir d\u2019ara? Fins a final de curs, sabeu per on anir\u00e0 el treball? Les respostes de l\u2019alumnat han evidenciat la seva implicaci\u00f3 en el projecte, que ja \u00e9s seu.<\/p>\n<p><strong>P. Qu\u00e8 dir\u00edeu que us ha aportat la participaci\u00f3 en el projecte En Resid\u00e8ncia<strong> fins ara<\/strong>?<\/strong><\/p>\n<p>\u201cEl taller amb la Mariona i el Pedro t\u00e9 un altre ritme, \u00e9s diferent a les classes. No \u00e9s com les assignatures en que hi ha coses ben fetes i coses mal fetes\u2019, no treballem amb aquestes categories. \u201c<\/p>\n<p>\u201cTeixir em fa estar en el present. \u201c<\/p>\n<p>\u201cAbans de treballar amb el Pedro i la Mariona quan veia una pintura o un dibuix que no representava res  no ho entenia ni ho valorava. Ara, en canvi, que jo mateixa he fet coses aix\u00ed, amb formes, estructures, doncs penso i miro diferent les obres d\u2019art.\u201d<\/p>\n<p><strong>P. Com creieu que seguir\u00e0 aquest proc\u00e9s que ens heu ensenyat?  en qu\u00e8 treballareu a partir d\u2019ara? Teniu alguna idea?<\/strong><\/p>\n<p>\u201cJo crec que com fins ara hem anat fent coses una darrera l\u2019altra i tot ha estat relacionat. No sab\u00edem com acabaria per\u00f2 s\u00ed que les accions estaven relacionades i tenien a veure amb nosaltres, amb el nostre entorn. Per exemple, del passeig pel barri vam extreure uns materials, i de l\u2019observaci\u00f3 de l\u2019escola unes formes, uns colors. De la Mariona i el Pedro hem apr\u00e8s el seu proc\u00e9s de treballar i sobre els teixits\u2026. No sabem com seguirem ben b\u00e9 per\u00f2 tindr\u00e0 relaci\u00f3 amb el que hem estat fent fins ara, seguirem d\u2019alguna manera experimentant i arribarem a algun lloc i alguna cosa passar\u00e0\u201d<\/p>\n<\/div>\n","protected":false},"excerpt":{"rendered":"<p>Des de Mariona Ca\u00f1adas i Pedro Mur\u00faa EN RESiD\u00c8NCiA a l&#8217;Institut Escola El Mol\u00ed Al moment del tancament, per part del professorat, hi ha hagut comentaris i felicitacions tant pel treball realitzat com pel muntatge de la sessi\u00f3. Els assistents han agra\u00eft el fet d\u2019haver-los obert les portes per con\u00e8ixer En Resid\u00e8ncia a trav\u00e9s d\u2019un &hellip; <\/p>\n<p class=\"link-more\"><a href=\"https:\/\/blocsenresidencia.bcn.cat\/20232024\/2024\/03\/03\/sessio-del-professorat\/\" class=\"more-link\">Continua llegint <span class=\"screen-reader-text\">\u00abSessi\u00f3 del professorat\u00bb<\/span><\/a><\/p>\n","protected":false},"author":5,"featured_media":0,"comment_status":"closed","ping_status":"closed","sticky":false,"template":"","format":"standard","meta":{"footnotes":""},"categories":[1],"tags":[],"class_list":["post-997","post","type-post","status-publish","format-standard","hentry","category-general"],"_links":{"self":[{"href":"https:\/\/blocsenresidencia.bcn.cat\/20232024\/wp-json\/wp\/v2\/posts\/997","targetHints":{"allow":["GET"]}}],"collection":[{"href":"https:\/\/blocsenresidencia.bcn.cat\/20232024\/wp-json\/wp\/v2\/posts"}],"about":[{"href":"https:\/\/blocsenresidencia.bcn.cat\/20232024\/wp-json\/wp\/v2\/types\/post"}],"author":[{"embeddable":true,"href":"https:\/\/blocsenresidencia.bcn.cat\/20232024\/wp-json\/wp\/v2\/users\/5"}],"replies":[{"embeddable":true,"href":"https:\/\/blocsenresidencia.bcn.cat\/20232024\/wp-json\/wp\/v2\/comments?post=997"}],"version-history":[{"count":0,"href":"https:\/\/blocsenresidencia.bcn.cat\/20232024\/wp-json\/wp\/v2\/posts\/997\/revisions"}],"wp:attachment":[{"href":"https:\/\/blocsenresidencia.bcn.cat\/20232024\/wp-json\/wp\/v2\/media?parent=997"}],"wp:term":[{"taxonomy":"category","embeddable":true,"href":"https:\/\/blocsenresidencia.bcn.cat\/20232024\/wp-json\/wp\/v2\/categories?post=997"},{"taxonomy":"post_tag","embeddable":true,"href":"https:\/\/blocsenresidencia.bcn.cat\/20232024\/wp-json\/wp\/v2\/tags?post=997"}],"curies":[{"name":"wp","href":"https:\/\/api.w.org\/{rel}","templated":true}]}}