{"id":998,"date":"2024-03-03T18:03:41","date_gmt":"2024-03-03T16:03:41","guid":{"rendered":"https:\/\/blocsenresidencia.bcn.cat\/20232024\/2024\/03\/03\/primeres-impressions-despres-de-la-sessio-del-professorat\/"},"modified":"2024-03-03T18:03:41","modified_gmt":"2024-03-03T16:03:41","slug":"primeres-impressions-despres-de-la-sessio-del-professorat","status":"publish","type":"post","link":"https:\/\/blocsenresidencia.bcn.cat\/20232024\/2024\/03\/03\/primeres-impressions-despres-de-la-sessio-del-professorat\/","title":{"rendered":"Primeres impressions despr\u00e9s de la sessi\u00f3 del professorat"},"content":{"rendered":"<p>Des de <a href=\"https:\/\/blocsenresidencia.bcn.cat\/moli2024\/primeres-impressions-despres-de-la-sessio-del-professorat\/\">Mariona Ca\u00f1adas i Pedro Mur\u00faa EN RESiD\u00c8NCiA a l&#8217;Institut Escola El Mol\u00ed<\/a><\/p>\n<div>\n<figure class=\"wp-block-image size-full\"><img loading=\"lazy\" decoding=\"async\" width=\"995\" height=\"564\" src=\"https:\/\/blocsenresidencia.bcn.cat\/moli2024\/wp-content\/uploads\/2024\/02\/dillunsprofessorat14.jpg\" alt=\"\" class=\"wp-image-847\" srcset=\"https:\/\/blocsenresidencia.bcn.cat\/moli2024\/wp-content\/uploads\/2024\/02\/dillunsprofessorat14.jpg 995w, https:\/\/blocsenresidencia.bcn.cat\/moli2024\/wp-content\/uploads\/2024\/02\/dillunsprofessorat14-300x170.jpg 300w, https:\/\/blocsenresidencia.bcn.cat\/moli2024\/wp-content\/uploads\/2024\/02\/dillunsprofessorat14-768x435.jpg 768w\" sizes=\"auto, (max-width: 767px) 89vw, (max-width: 1000px) 54vw, (max-width: 1071px) 543px, 580px\"><\/figure>\n<p>\u201cHa sigut molt divertit\u201d <\/p>\n<p>\u201cMe he sentido muy c\u00f3modo presentando la exposici\u00f3n frente a los professores\u201d<\/p>\n<p>\u201cHa sigut guai quan els professors han comen\u00e7at a teixir \u201c<\/p>\n<p>\u201cEm sento molt orgull\u00f3s pel treball que hem fet\u201d<\/p>\n<p>\u201cM\u2019ha agradat quan hem parlat amb els professors dels telers que hem construit\u201d<\/p>\n<p>\u201c\u00c9s molt divertit explicar coses en catal\u00e0 per\u00f2 tamb\u00e9 estava una mica nervi\u00f3s\u201d <\/p>\n<p>\u201cEstava  nerviosa i contenta\u201d<\/p>\n<p>\u201cRecordo quan els professors flipaven amb el teixit fet de fil de paper\u201d <\/p>\n<p>\u201cMe sent\u00eda un poco nervioso; estaban todos los profesores y por primera vez los alumnos haciendo clase\u201d<\/p>\n<p>\u201cEstava nervi\u00f3s, i satisfet quan se n\u2019han anat\u201d<\/p>\n<p> \u201cM\u2019han dit que ho he fet molt b\u00e9\u201d<\/p>\n<\/div>\n","protected":false},"excerpt":{"rendered":"<p>Des de Mariona Ca\u00f1adas i Pedro Mur\u00faa EN RESiD\u00c8NCiA a l&#8217;Institut Escola El Mol\u00ed \u201cHa sigut molt divertit\u201d \u201cMe he sentido muy c\u00f3modo presentando la exposici\u00f3n frente a los professores\u201d \u201cHa sigut guai quan els professors han comen\u00e7at a teixir \u201c \u201cEm sento molt orgull\u00f3s pel treball que hem fet\u201d \u201cM\u2019ha agradat quan hem parlat &hellip; <\/p>\n<p class=\"link-more\"><a href=\"https:\/\/blocsenresidencia.bcn.cat\/20232024\/2024\/03\/03\/primeres-impressions-despres-de-la-sessio-del-professorat\/\" class=\"more-link\">Continua llegint <span class=\"screen-reader-text\">\u00abPrimeres impressions despr\u00e9s de la sessi\u00f3 del professorat\u00bb<\/span><\/a><\/p>\n","protected":false},"author":5,"featured_media":0,"comment_status":"closed","ping_status":"closed","sticky":false,"template":"","format":"standard","meta":{"footnotes":""},"categories":[1],"tags":[],"class_list":["post-998","post","type-post","status-publish","format-standard","hentry","category-general"],"_links":{"self":[{"href":"https:\/\/blocsenresidencia.bcn.cat\/20232024\/wp-json\/wp\/v2\/posts\/998","targetHints":{"allow":["GET"]}}],"collection":[{"href":"https:\/\/blocsenresidencia.bcn.cat\/20232024\/wp-json\/wp\/v2\/posts"}],"about":[{"href":"https:\/\/blocsenresidencia.bcn.cat\/20232024\/wp-json\/wp\/v2\/types\/post"}],"author":[{"embeddable":true,"href":"https:\/\/blocsenresidencia.bcn.cat\/20232024\/wp-json\/wp\/v2\/users\/5"}],"replies":[{"embeddable":true,"href":"https:\/\/blocsenresidencia.bcn.cat\/20232024\/wp-json\/wp\/v2\/comments?post=998"}],"version-history":[{"count":0,"href":"https:\/\/blocsenresidencia.bcn.cat\/20232024\/wp-json\/wp\/v2\/posts\/998\/revisions"}],"wp:attachment":[{"href":"https:\/\/blocsenresidencia.bcn.cat\/20232024\/wp-json\/wp\/v2\/media?parent=998"}],"wp:term":[{"taxonomy":"category","embeddable":true,"href":"https:\/\/blocsenresidencia.bcn.cat\/20232024\/wp-json\/wp\/v2\/categories?post=998"},{"taxonomy":"post_tag","embeddable":true,"href":"https:\/\/blocsenresidencia.bcn.cat\/20232024\/wp-json\/wp\/v2\/tags?post=998"}],"curies":[{"name":"wp","href":"https:\/\/api.w.org\/{rel}","templated":true}]}}