{"id":1515,"date":"2024-10-14T12:28:12","date_gmt":"2024-10-14T10:28:12","guid":{"rendered":"https:\/\/blocsenresidencia.bcn.cat\/20242025\/2024\/10\/14\/primeres-sessions-de-octubre-treball-de-paraules-claus-i-cartografices\/"},"modified":"2024-10-14T12:28:12","modified_gmt":"2024-10-14T10:28:12","slug":"primeres-sessions-de-octubre-treball-de-paraules-claus-i-cartografices","status":"publish","type":"post","link":"https:\/\/blocsenresidencia.bcn.cat\/20242025\/2024\/10\/14\/primeres-sessions-de-octubre-treball-de-paraules-claus-i-cartografices\/","title":{"rendered":"Primeres Sessions de Octubre : treball de paraules claus i cartografices"},"content":{"rendered":"<p>Des de <a href=\"https:\/\/blocsenresidencia.bcn.cat\/infantaisabelarago2025\/primeres-sessions-de-octubre-treball-de-paraules-claus-i-cartografices\/\">Equal Saree EN RESiD\u00c8NCiA a l\u2019Institut Infanta Isabel d\u2019Arag\u00f3<\/a><\/p>\n<div>Van tenir la primera sessi\u00f3 el 1 de Octubre, que va ser una sessi\u00f1o de presa de contacte amb el grup de 4t d\u2019ESO, i Raquel de Equal Saare , elgrup de arquitectes feministes que fara la Resid\u00e9ncia aquest anny . Son un grup de 14 joves molt diversos, amb inquietuds i molta il\u00b7lusi\u00f3 per \u2026 <\/p>\n<p class=\"link-more\"><a href=\"https:\/\/blocsenresidencia.bcn.cat\/infantaisabelarago2025\/primeres-sessions-de-octubre-treball-de-paraules-claus-i-cartografices\/\" class=\"more-link\">Continua llegint <span class=\"screen-reader-text\">\u00abPrimeres Sessions de Octubre : treball de paraules claus i cartografices\u00bb<\/span><\/a><\/p>\n<\/div>\n","protected":false},"excerpt":{"rendered":"<p>Des de Equal Saree EN RESiD\u00c8NCiA a l\u2019Institut Infanta Isabel d\u2019Arag\u00f3 Van tenir la primera sessi\u00f3 el 1 de Octubre, que va ser una sessi\u00f1o de presa de contacte amb el grup de 4t d\u2019ESO, i Raquel de Equal Saare , elgrup de arquitectes feministes que fara la Resid\u00e9ncia aquest anny . Son un grup &hellip; <\/p>\n<p class=\"link-more\"><a href=\"https:\/\/blocsenresidencia.bcn.cat\/20242025\/2024\/10\/14\/primeres-sessions-de-octubre-treball-de-paraules-claus-i-cartografices\/\" class=\"more-link\">Continua llegint <span class=\"screen-reader-text\">\u00abPrimeres Sessions de Octubre : treball de paraules claus i cartografices\u00bb<\/span><\/a><\/p>\n","protected":false},"author":5,"featured_media":0,"comment_status":"closed","ping_status":"closed","sticky":false,"template":"","format":"standard","meta":{"footnotes":""},"categories":[1],"tags":[],"class_list":["post-1515","post","type-post","status-publish","format-standard","hentry","category-general"],"_links":{"self":[{"href":"https:\/\/blocsenresidencia.bcn.cat\/20242025\/wp-json\/wp\/v2\/posts\/1515","targetHints":{"allow":["GET"]}}],"collection":[{"href":"https:\/\/blocsenresidencia.bcn.cat\/20242025\/wp-json\/wp\/v2\/posts"}],"about":[{"href":"https:\/\/blocsenresidencia.bcn.cat\/20242025\/wp-json\/wp\/v2\/types\/post"}],"author":[{"embeddable":true,"href":"https:\/\/blocsenresidencia.bcn.cat\/20242025\/wp-json\/wp\/v2\/users\/5"}],"replies":[{"embeddable":true,"href":"https:\/\/blocsenresidencia.bcn.cat\/20242025\/wp-json\/wp\/v2\/comments?post=1515"}],"version-history":[{"count":0,"href":"https:\/\/blocsenresidencia.bcn.cat\/20242025\/wp-json\/wp\/v2\/posts\/1515\/revisions"}],"wp:attachment":[{"href":"https:\/\/blocsenresidencia.bcn.cat\/20242025\/wp-json\/wp\/v2\/media?parent=1515"}],"wp:term":[{"taxonomy":"category","embeddable":true,"href":"https:\/\/blocsenresidencia.bcn.cat\/20242025\/wp-json\/wp\/v2\/categories?post=1515"},{"taxonomy":"post_tag","embeddable":true,"href":"https:\/\/blocsenresidencia.bcn.cat\/20242025\/wp-json\/wp\/v2\/tags?post=1515"}],"curies":[{"name":"wp","href":"https:\/\/api.w.org\/{rel}","templated":true}]}}