{"id":1523,"date":"2024-11-06T12:01:14","date_gmt":"2024-11-06T10:01:14","guid":{"rendered":"https:\/\/blocsenresidencia.bcn.cat\/20242025\/2024\/11\/06\/ahir-vam-fer-un-exercici-descalfament-i-a-continuacio-vam-posar-en-escena-idees-escrites-per-lalumnat-deformades-fins-al-limit-lobjectiu-era-expressar-amb-el-cos-aquestes-i\/"},"modified":"2024-11-06T12:01:14","modified_gmt":"2024-11-06T10:01:14","slug":"ahir-vam-fer-un-exercici-descalfament-i-a-continuacio-vam-posar-en-escena-idees-escrites-per-lalumnat-deformades-fins-al-limit-lobjectiu-era-expressar-amb-el-cos-aquestes-i","status":"publish","type":"post","link":"https:\/\/blocsenresidencia.bcn.cat\/20242025\/2024\/11\/06\/ahir-vam-fer-un-exercici-descalfament-i-a-continuacio-vam-posar-en-escena-idees-escrites-per-lalumnat-deformades-fins-al-limit-lobjectiu-era-expressar-amb-el-cos-aquestes-i\/","title":{"rendered":"Ahir vam fer un exercici d\u2019escalfament i a continuaci\u00f3 vam posar en escena idees escrites per l\u2019alumnat deformades fins al l\u00edmit. L\u2019objectiu era expressar amb el cos aquestes idees deformades, estrafetes, estripades\u2026 Ho vam aconseguir?"},"content":{"rendered":"<p>Des de <a href=\"https:\/\/blocsenresidencia.bcn.cat\/eixample2025\/ahir-vam-fer-un-exercici-descalfament-i-a-continuacio-vam-posar-en-escena-idees-escrites-per-lalumnat-deformades-fins-al-limit-lobjectiu-era-expressar-amb-el-cos-aquestes-idees-deformades-estr\/\">Roc Esquius EN RESiD\u00c8NCiA a l\u2019Institut Escola Eixample<\/a><\/p>\n<div>Berta Canelles Dom\u00e8nech En la meva opini\u00f3 no gaire, \u00e9s a dir vam poder fer les accions per\u00f2 no vam poder expressar les emocions que requerien la situaci\u00f3 i per tant crec que encara hem de millorar aix\u00f2. Ja que ho sabem fer per\u00f2 no ho sabem representar correctament per fer que la gent ho \u2026 <\/p>\n<p class=\"link-more\"><a href=\"https:\/\/blocsenresidencia.bcn.cat\/eixample2025\/ahir-vam-fer-un-exercici-descalfament-i-a-continuacio-vam-posar-en-escena-idees-escrites-per-lalumnat-deformades-fins-al-limit-lobjectiu-era-expressar-amb-el-cos-aquestes-idees-deformades-estr\/\" class=\"more-link\">Continua llegint <span class=\"screen-reader-text\">\u00abAhir vam fer un exercici d\u2019escalfament i a continuaci\u00f3 vam posar en escena idees escrites per l\u2019alumnat deformades fins al l\u00edmit. L\u2019objectiu era expressar amb el cos aquestes idees deformades, estrafetes, estripades\u2026 Ho vam aconseguir?\u00bb<\/span><\/a><\/p>\n<\/div>\n","protected":false},"excerpt":{"rendered":"<p>Des de Roc Esquius EN RESiD\u00c8NCiA a l\u2019Institut Escola Eixample Berta Canelles Dom\u00e8nech En la meva opini\u00f3 no gaire, \u00e9s a dir vam poder fer les accions per\u00f2 no vam poder expressar les emocions que requerien la situaci\u00f3 i per tant crec que encara hem de millorar aix\u00f2. Ja que ho sabem fer per\u00f2 no &hellip; <\/p>\n<p class=\"link-more\"><a href=\"https:\/\/blocsenresidencia.bcn.cat\/20242025\/2024\/11\/06\/ahir-vam-fer-un-exercici-descalfament-i-a-continuacio-vam-posar-en-escena-idees-escrites-per-lalumnat-deformades-fins-al-limit-lobjectiu-era-expressar-amb-el-cos-aquestes-i\/\" class=\"more-link\">Continua llegint <span class=\"screen-reader-text\">\u00abAhir vam fer un exercici d\u2019escalfament i a continuaci\u00f3 vam posar en escena idees escrites per l\u2019alumnat deformades fins al l\u00edmit. L\u2019objectiu era expressar amb el cos aquestes idees deformades, estrafetes, estripades\u2026 Ho vam aconseguir?\u00bb<\/span><\/a><\/p>\n","protected":false},"author":5,"featured_media":0,"comment_status":"closed","ping_status":"closed","sticky":false,"template":"","format":"standard","meta":{"footnotes":""},"categories":[1],"tags":[],"class_list":["post-1523","post","type-post","status-publish","format-standard","hentry","category-general"],"_links":{"self":[{"href":"https:\/\/blocsenresidencia.bcn.cat\/20242025\/wp-json\/wp\/v2\/posts\/1523","targetHints":{"allow":["GET"]}}],"collection":[{"href":"https:\/\/blocsenresidencia.bcn.cat\/20242025\/wp-json\/wp\/v2\/posts"}],"about":[{"href":"https:\/\/blocsenresidencia.bcn.cat\/20242025\/wp-json\/wp\/v2\/types\/post"}],"author":[{"embeddable":true,"href":"https:\/\/blocsenresidencia.bcn.cat\/20242025\/wp-json\/wp\/v2\/users\/5"}],"replies":[{"embeddable":true,"href":"https:\/\/blocsenresidencia.bcn.cat\/20242025\/wp-json\/wp\/v2\/comments?post=1523"}],"version-history":[{"count":0,"href":"https:\/\/blocsenresidencia.bcn.cat\/20242025\/wp-json\/wp\/v2\/posts\/1523\/revisions"}],"wp:attachment":[{"href":"https:\/\/blocsenresidencia.bcn.cat\/20242025\/wp-json\/wp\/v2\/media?parent=1523"}],"wp:term":[{"taxonomy":"category","embeddable":true,"href":"https:\/\/blocsenresidencia.bcn.cat\/20242025\/wp-json\/wp\/v2\/categories?post=1523"},{"taxonomy":"post_tag","embeddable":true,"href":"https:\/\/blocsenresidencia.bcn.cat\/20242025\/wp-json\/wp\/v2\/tags?post=1523"}],"curies":[{"name":"wp","href":"https:\/\/api.w.org\/{rel}","templated":true}]}}