{"id":1546,"date":"2024-11-27T20:29:29","date_gmt":"2024-11-27T18:29:29","guid":{"rendered":"https:\/\/blocsenresidencia.bcn.cat\/20242025\/2024\/11\/27\/recerca-despais-per-representar-figures-amb-el-cos\/"},"modified":"2024-11-27T20:29:29","modified_gmt":"2024-11-27T18:29:29","slug":"recerca-despais-per-representar-figures-amb-el-cos","status":"publish","type":"post","link":"https:\/\/blocsenresidencia.bcn.cat\/20242025\/2024\/11\/27\/recerca-despais-per-representar-figures-amb-el-cos\/","title":{"rendered":"Recerca d\u2019espais per representar figures amb el cos"},"content":{"rendered":"<p>Des de <a href=\"https:\/\/blocsenresidencia.bcn.cat\/bastida2025\/recerca-despais-per-representar-figures-amb-el-cos-2\/\">Toni Mira EN RESiD\u00c8NCiA a l\u2019Institut La Bastida<\/a><\/p>\n<div>Un dels dies que el Toni no hi era, vam pensar una ruta per l\u2019institut per poder fer fotografies utilitzant-nos a nosaltres com a model per representar alguna fet. Despr\u00e9s les vem treballar amb ell. Tamb\u00e9 hem pensat que un bon lloc on fer una foto \u00e9s el monument Dona i literatura de Santa Coloma \u2026 <\/p>\n<p class=\"link-more\"><a href=\"https:\/\/blocsenresidencia.bcn.cat\/bastida2025\/recerca-despais-per-representar-figures-amb-el-cos-2\/\" class=\"more-link\">Continua llegint <span class=\"screen-reader-text\">\u00abRecerca d\u2019espais per representar figures amb el cos\u00bb<\/span><\/a><\/p>\n<\/div>\n","protected":false},"excerpt":{"rendered":"<p>Des de Toni Mira EN RESiD\u00c8NCiA a l\u2019Institut La Bastida Un dels dies que el Toni no hi era, vam pensar una ruta per l\u2019institut per poder fer fotografies utilitzant-nos a nosaltres com a model per representar alguna fet. Despr\u00e9s les vem treballar amb ell. Tamb\u00e9 hem pensat que un bon lloc on fer una &hellip; <\/p>\n<p class=\"link-more\"><a href=\"https:\/\/blocsenresidencia.bcn.cat\/20242025\/2024\/11\/27\/recerca-despais-per-representar-figures-amb-el-cos\/\" class=\"more-link\">Continua llegint <span class=\"screen-reader-text\">\u00abRecerca d\u2019espais per representar figures amb el cos\u00bb<\/span><\/a><\/p>\n","protected":false},"author":5,"featured_media":0,"comment_status":"closed","ping_status":"closed","sticky":false,"template":"","format":"standard","meta":{"footnotes":""},"categories":[1],"tags":[],"class_list":["post-1546","post","type-post","status-publish","format-standard","hentry","category-general"],"_links":{"self":[{"href":"https:\/\/blocsenresidencia.bcn.cat\/20242025\/wp-json\/wp\/v2\/posts\/1546","targetHints":{"allow":["GET"]}}],"collection":[{"href":"https:\/\/blocsenresidencia.bcn.cat\/20242025\/wp-json\/wp\/v2\/posts"}],"about":[{"href":"https:\/\/blocsenresidencia.bcn.cat\/20242025\/wp-json\/wp\/v2\/types\/post"}],"author":[{"embeddable":true,"href":"https:\/\/blocsenresidencia.bcn.cat\/20242025\/wp-json\/wp\/v2\/users\/5"}],"replies":[{"embeddable":true,"href":"https:\/\/blocsenresidencia.bcn.cat\/20242025\/wp-json\/wp\/v2\/comments?post=1546"}],"version-history":[{"count":0,"href":"https:\/\/blocsenresidencia.bcn.cat\/20242025\/wp-json\/wp\/v2\/posts\/1546\/revisions"}],"wp:attachment":[{"href":"https:\/\/blocsenresidencia.bcn.cat\/20242025\/wp-json\/wp\/v2\/media?parent=1546"}],"wp:term":[{"taxonomy":"category","embeddable":true,"href":"https:\/\/blocsenresidencia.bcn.cat\/20242025\/wp-json\/wp\/v2\/categories?post=1546"},{"taxonomy":"post_tag","embeddable":true,"href":"https:\/\/blocsenresidencia.bcn.cat\/20242025\/wp-json\/wp\/v2\/tags?post=1546"}],"curies":[{"name":"wp","href":"https:\/\/api.w.org\/{rel}","templated":true}]}}