{"id":1547,"date":"2024-11-27T20:29:29","date_gmt":"2024-11-27T18:29:29","guid":{"rendered":"https:\/\/blocsenresidencia.bcn.cat\/20242025\/2024\/11\/27\/ens-movem-amb-el-toni-expressio-corporal-amb-musica\/"},"modified":"2024-11-27T20:29:29","modified_gmt":"2024-11-27T18:29:29","slug":"ens-movem-amb-el-toni-expressio-corporal-amb-musica","status":"publish","type":"post","link":"https:\/\/blocsenresidencia.bcn.cat\/20242025\/2024\/11\/27\/ens-movem-amb-el-toni-expressio-corporal-amb-musica\/","title":{"rendered":"Ens movem amb el Toni: expressi\u00f3 corporal amb m\u00fasica"},"content":{"rendered":"<p>Des de <a href=\"https:\/\/blocsenresidencia.bcn.cat\/bastida2025\/ens-movem-amb-el-toni-expressio-corporal-amb-musica\/\">Toni Mira EN RESiD\u00c8NCiA a l\u2019Institut La Bastida<\/a><\/p>\n<div>Amb en Toni vam explorar l\u2019expressi\u00f3 corporal a trav\u00e9s de la m\u00fasica. Primer, vam jugar amb ritmes canviants, accelerant i disminuint la velocitat. Despr\u00e9s, en parelles, vam triar accions senzilles com caminar o saltar, que hav\u00edem de fer en sincronia amb la m\u00fasica. Aquesta activitat ens va ajudar a connectar amb els companys i entendre \u2026 <\/p>\n<p class=\"link-more\"><a href=\"https:\/\/blocsenresidencia.bcn.cat\/bastida2025\/ens-movem-amb-el-toni-expressio-corporal-amb-musica\/\" class=\"more-link\">Continua llegint <span class=\"screen-reader-text\">\u00abEns movem amb el Toni: expressi\u00f3 corporal amb m\u00fasica\u00bb<\/span><\/a><\/p>\n<\/div>\n","protected":false},"excerpt":{"rendered":"<p>Des de Toni Mira EN RESiD\u00c8NCiA a l\u2019Institut La Bastida Amb en Toni vam explorar l\u2019expressi\u00f3 corporal a trav\u00e9s de la m\u00fasica. Primer, vam jugar amb ritmes canviants, accelerant i disminuint la velocitat. Despr\u00e9s, en parelles, vam triar accions senzilles com caminar o saltar, que hav\u00edem de fer en sincronia amb la m\u00fasica. Aquesta activitat &hellip; <\/p>\n<p class=\"link-more\"><a href=\"https:\/\/blocsenresidencia.bcn.cat\/20242025\/2024\/11\/27\/ens-movem-amb-el-toni-expressio-corporal-amb-musica\/\" class=\"more-link\">Continua llegint <span class=\"screen-reader-text\">\u00abEns movem amb el Toni: expressi\u00f3 corporal amb m\u00fasica\u00bb<\/span><\/a><\/p>\n","protected":false},"author":5,"featured_media":0,"comment_status":"closed","ping_status":"closed","sticky":false,"template":"","format":"standard","meta":{"footnotes":""},"categories":[1],"tags":[],"class_list":["post-1547","post","type-post","status-publish","format-standard","hentry","category-general"],"_links":{"self":[{"href":"https:\/\/blocsenresidencia.bcn.cat\/20242025\/wp-json\/wp\/v2\/posts\/1547","targetHints":{"allow":["GET"]}}],"collection":[{"href":"https:\/\/blocsenresidencia.bcn.cat\/20242025\/wp-json\/wp\/v2\/posts"}],"about":[{"href":"https:\/\/blocsenresidencia.bcn.cat\/20242025\/wp-json\/wp\/v2\/types\/post"}],"author":[{"embeddable":true,"href":"https:\/\/blocsenresidencia.bcn.cat\/20242025\/wp-json\/wp\/v2\/users\/5"}],"replies":[{"embeddable":true,"href":"https:\/\/blocsenresidencia.bcn.cat\/20242025\/wp-json\/wp\/v2\/comments?post=1547"}],"version-history":[{"count":0,"href":"https:\/\/blocsenresidencia.bcn.cat\/20242025\/wp-json\/wp\/v2\/posts\/1547\/revisions"}],"wp:attachment":[{"href":"https:\/\/blocsenresidencia.bcn.cat\/20242025\/wp-json\/wp\/v2\/media?parent=1547"}],"wp:term":[{"taxonomy":"category","embeddable":true,"href":"https:\/\/blocsenresidencia.bcn.cat\/20242025\/wp-json\/wp\/v2\/categories?post=1547"},{"taxonomy":"post_tag","embeddable":true,"href":"https:\/\/blocsenresidencia.bcn.cat\/20242025\/wp-json\/wp\/v2\/tags?post=1547"}],"curies":[{"name":"wp","href":"https:\/\/api.w.org\/{rel}","templated":true}]}}