{"id":1548,"date":"2024-11-27T20:29:29","date_gmt":"2024-11-27T18:29:29","guid":{"rendered":"https:\/\/blocsenresidencia.bcn.cat\/20242025\/2024\/11\/27\/aniversari-del-toni-mira\/"},"modified":"2024-11-27T20:29:29","modified_gmt":"2024-11-27T18:29:29","slug":"aniversari-del-toni-mira","status":"publish","type":"post","link":"https:\/\/blocsenresidencia.bcn.cat\/20242025\/2024\/11\/27\/aniversari-del-toni-mira\/","title":{"rendered":"Aniversari del Toni Mira!"},"content":{"rendered":"<p>Des de <a href=\"https:\/\/blocsenresidencia.bcn.cat\/bastida2025\/aniversari-del-toni-mira\/\">Toni Mira EN RESiD\u00c8NCiA a l\u2019Institut La Bastida<\/a><\/p>\n<div>La setmana passada va ser l\u2019aniversari del Toni. Ho hem celebrat i hem ballat utilitzant les cadires i en cercle. Ens hem coordinat tots i totes perqu\u00e8 pugu\u00e9s sortir b\u00e9. Tamb\u00e9, fent rotllana i a ritme de la m\u00fasica, posavem amb gestos i la cara com si ens f\u00e8ssin una fotografia.<\/div>\n","protected":false},"excerpt":{"rendered":"<p>Des de Toni Mira EN RESiD\u00c8NCiA a l\u2019Institut La Bastida La setmana passada va ser l\u2019aniversari del Toni. Ho hem celebrat i hem ballat utilitzant les cadires i en cercle. Ens hem coordinat tots i totes perqu\u00e8 pugu\u00e9s sortir b\u00e9. Tamb\u00e9, fent rotllana i a ritme de la m\u00fasica, posavem amb gestos i la cara &hellip; <\/p>\n<p class=\"link-more\"><a href=\"https:\/\/blocsenresidencia.bcn.cat\/20242025\/2024\/11\/27\/aniversari-del-toni-mira\/\" class=\"more-link\">Continua llegint <span class=\"screen-reader-text\">\u00abAniversari del Toni Mira!\u00bb<\/span><\/a><\/p>\n","protected":false},"author":5,"featured_media":0,"comment_status":"closed","ping_status":"closed","sticky":false,"template":"","format":"standard","meta":{"footnotes":""},"categories":[1],"tags":[],"class_list":["post-1548","post","type-post","status-publish","format-standard","hentry","category-general"],"_links":{"self":[{"href":"https:\/\/blocsenresidencia.bcn.cat\/20242025\/wp-json\/wp\/v2\/posts\/1548","targetHints":{"allow":["GET"]}}],"collection":[{"href":"https:\/\/blocsenresidencia.bcn.cat\/20242025\/wp-json\/wp\/v2\/posts"}],"about":[{"href":"https:\/\/blocsenresidencia.bcn.cat\/20242025\/wp-json\/wp\/v2\/types\/post"}],"author":[{"embeddable":true,"href":"https:\/\/blocsenresidencia.bcn.cat\/20242025\/wp-json\/wp\/v2\/users\/5"}],"replies":[{"embeddable":true,"href":"https:\/\/blocsenresidencia.bcn.cat\/20242025\/wp-json\/wp\/v2\/comments?post=1548"}],"version-history":[{"count":0,"href":"https:\/\/blocsenresidencia.bcn.cat\/20242025\/wp-json\/wp\/v2\/posts\/1548\/revisions"}],"wp:attachment":[{"href":"https:\/\/blocsenresidencia.bcn.cat\/20242025\/wp-json\/wp\/v2\/media?parent=1548"}],"wp:term":[{"taxonomy":"category","embeddable":true,"href":"https:\/\/blocsenresidencia.bcn.cat\/20242025\/wp-json\/wp\/v2\/categories?post=1548"},{"taxonomy":"post_tag","embeddable":true,"href":"https:\/\/blocsenresidencia.bcn.cat\/20242025\/wp-json\/wp\/v2\/tags?post=1548"}],"curies":[{"name":"wp","href":"https:\/\/api.w.org\/{rel}","templated":true}]}}