{"id":1550,"date":"2024-11-29T15:02:41","date_gmt":"2024-11-29T13:02:41","guid":{"rendered":"https:\/\/blocsenresidencia.bcn.cat\/20242025\/2024\/11\/29\/el-proces-creatiu\/"},"modified":"2024-11-29T15:02:41","modified_gmt":"2024-11-29T13:02:41","slug":"el-proces-creatiu","status":"publish","type":"post","link":"https:\/\/blocsenresidencia.bcn.cat\/20242025\/2024\/11\/29\/el-proces-creatiu\/","title":{"rendered":"El proc\u00e9s creatiu"},"content":{"rendered":"<p>Des de <a href=\"https:\/\/blocsenresidencia.bcn.cat\/bastida2025\/el-proces-creatiu\/\">Toni Mira EN RESiD\u00c8NCiA a l\u2019Institut La Bastida<\/a><\/p>\n<div>Ahir vam comen\u00e7ar la classe amb la nostra habitual rotllana, un moment per reconnectar i posar-nos al dia. Vam parlar breument sobre el treball amb en Toni i que vol\u00edem unificar tot el que hem estat practicant fins ara en una mena de coreografia conjunta. Els inicis van ser dif\u00edcils per\u00f2 despr\u00e9s, vam aconseguir trencar \u2026 <\/p>\n<p class=\"link-more\"><a href=\"https:\/\/blocsenresidencia.bcn.cat\/bastida2025\/el-proces-creatiu\/\" class=\"more-link\">Continua llegint <span class=\"screen-reader-text\">\u00abEl proc\u00e9s creatiu\u00bb<\/span><\/a><\/p>\n<\/div>\n","protected":false},"excerpt":{"rendered":"<p>Des de Toni Mira EN RESiD\u00c8NCiA a l\u2019Institut La Bastida Ahir vam comen\u00e7ar la classe amb la nostra habitual rotllana, un moment per reconnectar i posar-nos al dia. Vam parlar breument sobre el treball amb en Toni i que vol\u00edem unificar tot el que hem estat practicant fins ara en una mena de coreografia conjunta. &hellip; <\/p>\n<p class=\"link-more\"><a href=\"https:\/\/blocsenresidencia.bcn.cat\/20242025\/2024\/11\/29\/el-proces-creatiu\/\" class=\"more-link\">Continua llegint <span class=\"screen-reader-text\">\u00abEl proc\u00e9s creatiu\u00bb<\/span><\/a><\/p>\n","protected":false},"author":5,"featured_media":0,"comment_status":"closed","ping_status":"closed","sticky":false,"template":"","format":"standard","meta":{"footnotes":""},"categories":[1],"tags":[],"class_list":["post-1550","post","type-post","status-publish","format-standard","hentry","category-general"],"_links":{"self":[{"href":"https:\/\/blocsenresidencia.bcn.cat\/20242025\/wp-json\/wp\/v2\/posts\/1550","targetHints":{"allow":["GET"]}}],"collection":[{"href":"https:\/\/blocsenresidencia.bcn.cat\/20242025\/wp-json\/wp\/v2\/posts"}],"about":[{"href":"https:\/\/blocsenresidencia.bcn.cat\/20242025\/wp-json\/wp\/v2\/types\/post"}],"author":[{"embeddable":true,"href":"https:\/\/blocsenresidencia.bcn.cat\/20242025\/wp-json\/wp\/v2\/users\/5"}],"replies":[{"embeddable":true,"href":"https:\/\/blocsenresidencia.bcn.cat\/20242025\/wp-json\/wp\/v2\/comments?post=1550"}],"version-history":[{"count":0,"href":"https:\/\/blocsenresidencia.bcn.cat\/20242025\/wp-json\/wp\/v2\/posts\/1550\/revisions"}],"wp:attachment":[{"href":"https:\/\/blocsenresidencia.bcn.cat\/20242025\/wp-json\/wp\/v2\/media?parent=1550"}],"wp:term":[{"taxonomy":"category","embeddable":true,"href":"https:\/\/blocsenresidencia.bcn.cat\/20242025\/wp-json\/wp\/v2\/categories?post=1550"},{"taxonomy":"post_tag","embeddable":true,"href":"https:\/\/blocsenresidencia.bcn.cat\/20242025\/wp-json\/wp\/v2\/tags?post=1550"}],"curies":[{"name":"wp","href":"https:\/\/api.w.org\/{rel}","templated":true}]}}