{"id":1552,"date":"2024-12-03T09:49:36","date_gmt":"2024-12-03T07:49:36","guid":{"rendered":"https:\/\/blocsenresidencia.bcn.cat\/20242025\/2024\/12\/03\/mapes-barris-i-ciutat-sessions-de-octubre-i-novembre\/"},"modified":"2024-12-03T09:49:36","modified_gmt":"2024-12-03T07:49:36","slug":"mapes-barris-i-ciutat-sessions-de-octubre-i-novembre","status":"publish","type":"post","link":"https:\/\/blocsenresidencia.bcn.cat\/20242025\/2024\/12\/03\/mapes-barris-i-ciutat-sessions-de-octubre-i-novembre\/","title":{"rendered":"Mapes , barris i ciutat: sessions de octubre i novembre"},"content":{"rendered":"<p>Des de <a href=\"https:\/\/blocsenresidencia.bcn.cat\/infantaisabelarago2025\/mapes-barris-i-ciutat-sesions-de-octubre-i-novembre\/\">Equal Saree EN RESiD\u00c8NCiA a l\u2019Institut Infanta Isabel d\u2019Arag\u00f3<\/a><\/p>\n<div>La seg\u00fcent sessi\u00f3 es va dedicar a la divisi\u00f3 de grups per treballar amb mapes i fer observacions, amb l\u2019objectiu de poder destacar elements i carrers, igual que es va fer a la sessi\u00f3 final. Despr\u00e9s, es va fer una presentaci\u00f3 per cada persona o parella, on van compartir les coses que podrien mapejar en \u2026 <\/p>\n<p class=\"link-more\"><a href=\"https:\/\/blocsenresidencia.bcn.cat\/infantaisabelarago2025\/mapes-barris-i-ciutat-sesions-de-octubre-i-novembre\/\" class=\"more-link\">Continua llegint <span class=\"screen-reader-text\">\u00abMapes , barris i ciutat: sessions de octubre i novembre\u00bb<\/span><\/a><\/p>\n<\/div>\n","protected":false},"excerpt":{"rendered":"<p>Des de Equal Saree EN RESiD\u00c8NCiA a l\u2019Institut Infanta Isabel d\u2019Arag\u00f3 La seg\u00fcent sessi\u00f3 es va dedicar a la divisi\u00f3 de grups per treballar amb mapes i fer observacions, amb l\u2019objectiu de poder destacar elements i carrers, igual que es va fer a la sessi\u00f3 final. Despr\u00e9s, es va fer una presentaci\u00f3 per cada persona &hellip; <\/p>\n<p class=\"link-more\"><a href=\"https:\/\/blocsenresidencia.bcn.cat\/20242025\/2024\/12\/03\/mapes-barris-i-ciutat-sessions-de-octubre-i-novembre\/\" class=\"more-link\">Continua llegint <span class=\"screen-reader-text\">\u00abMapes , barris i ciutat: sessions de octubre i novembre\u00bb<\/span><\/a><\/p>\n","protected":false},"author":5,"featured_media":0,"comment_status":"closed","ping_status":"closed","sticky":false,"template":"","format":"standard","meta":{"footnotes":""},"categories":[1],"tags":[],"class_list":["post-1552","post","type-post","status-publish","format-standard","hentry","category-general"],"_links":{"self":[{"href":"https:\/\/blocsenresidencia.bcn.cat\/20242025\/wp-json\/wp\/v2\/posts\/1552","targetHints":{"allow":["GET"]}}],"collection":[{"href":"https:\/\/blocsenresidencia.bcn.cat\/20242025\/wp-json\/wp\/v2\/posts"}],"about":[{"href":"https:\/\/blocsenresidencia.bcn.cat\/20242025\/wp-json\/wp\/v2\/types\/post"}],"author":[{"embeddable":true,"href":"https:\/\/blocsenresidencia.bcn.cat\/20242025\/wp-json\/wp\/v2\/users\/5"}],"replies":[{"embeddable":true,"href":"https:\/\/blocsenresidencia.bcn.cat\/20242025\/wp-json\/wp\/v2\/comments?post=1552"}],"version-history":[{"count":0,"href":"https:\/\/blocsenresidencia.bcn.cat\/20242025\/wp-json\/wp\/v2\/posts\/1552\/revisions"}],"wp:attachment":[{"href":"https:\/\/blocsenresidencia.bcn.cat\/20242025\/wp-json\/wp\/v2\/media?parent=1552"}],"wp:term":[{"taxonomy":"category","embeddable":true,"href":"https:\/\/blocsenresidencia.bcn.cat\/20242025\/wp-json\/wp\/v2\/categories?post=1552"},{"taxonomy":"post_tag","embeddable":true,"href":"https:\/\/blocsenresidencia.bcn.cat\/20242025\/wp-json\/wp\/v2\/tags?post=1552"}],"curies":[{"name":"wp","href":"https:\/\/api.w.org\/{rel}","templated":true}]}}