{"id":1557,"date":"2024-12-03T20:36:20","date_gmt":"2024-12-03T18:36:20","guid":{"rendered":"https:\/\/blocsenresidencia.bcn.cat\/20242025\/2024\/12\/03\/comencem-natalia-dominguez-ja-es-a-la-ribera\/"},"modified":"2024-12-03T20:36:20","modified_gmt":"2024-12-03T18:36:20","slug":"comencem-natalia-dominguez-ja-es-a-la-ribera","status":"publish","type":"post","link":"https:\/\/blocsenresidencia.bcn.cat\/20242025\/2024\/12\/03\/comencem-natalia-dominguez-ja-es-a-la-ribera\/","title":{"rendered":"COMENCEM: NATALIA DOM\u00cdNGUEZ  JA \u00c9S A LA RIBERA!"},"content":{"rendered":"<p>Des de <a href=\"https:\/\/blocsenresidencia.bcn.cat\/ribera2025\/comencem-natalia-dominguez-ja-es-a-la-ribera\/\">Natalia Dom\u00ednguez EN RESiD\u00c8NCiA a l\u2019Institut La Ribera<\/a><\/p>\n<div>A l\u2019Institut La Ribera de Montcada i Reixac ja ha arribat la nostra artista resident. Tenim la gran sort de comptar amb la genu\u00efna Nat\u00e0lia Dom\u00ednguez, o com ella mateixa es presenta: la nostra artista instal\u00b7lativa. Com us heu quedat despr\u00e9s de sentir artista instal\u00b7lativa? Per a nosaltres, era el primer cop que sent\u00edem un \u2026 <\/p>\n<p class=\"link-more\"><a href=\"https:\/\/blocsenresidencia.bcn.cat\/ribera2025\/comencem-natalia-dominguez-ja-es-a-la-ribera\/\" class=\"more-link\">Continua llegint <span class=\"screen-reader-text\">\u00abCOMENCEM: NATALIA DOM\u00cdNGUEZ  JA \u00c9S A LA RIBERA!\u00bb<\/span><\/a><\/p>\n<\/div>\n","protected":false},"excerpt":{"rendered":"<p>Des de Natalia Dom\u00ednguez EN RESiD\u00c8NCiA a l\u2019Institut La Ribera A l\u2019Institut La Ribera de Montcada i Reixac ja ha arribat la nostra artista resident. Tenim la gran sort de comptar amb la genu\u00efna Nat\u00e0lia Dom\u00ednguez, o com ella mateixa es presenta: la nostra artista instal\u00b7lativa. Com us heu quedat despr\u00e9s de sentir artista instal\u00b7lativa? &hellip; <\/p>\n<p class=\"link-more\"><a href=\"https:\/\/blocsenresidencia.bcn.cat\/20242025\/2024\/12\/03\/comencem-natalia-dominguez-ja-es-a-la-ribera\/\" class=\"more-link\">Continua llegint <span class=\"screen-reader-text\">\u00abCOMENCEM: NATALIA DOM\u00cdNGUEZ  JA \u00c9S A LA RIBERA!\u00bb<\/span><\/a><\/p>\n","protected":false},"author":5,"featured_media":0,"comment_status":"closed","ping_status":"closed","sticky":false,"template":"","format":"standard","meta":{"footnotes":""},"categories":[1],"tags":[],"class_list":["post-1557","post","type-post","status-publish","format-standard","hentry","category-general"],"_links":{"self":[{"href":"https:\/\/blocsenresidencia.bcn.cat\/20242025\/wp-json\/wp\/v2\/posts\/1557","targetHints":{"allow":["GET"]}}],"collection":[{"href":"https:\/\/blocsenresidencia.bcn.cat\/20242025\/wp-json\/wp\/v2\/posts"}],"about":[{"href":"https:\/\/blocsenresidencia.bcn.cat\/20242025\/wp-json\/wp\/v2\/types\/post"}],"author":[{"embeddable":true,"href":"https:\/\/blocsenresidencia.bcn.cat\/20242025\/wp-json\/wp\/v2\/users\/5"}],"replies":[{"embeddable":true,"href":"https:\/\/blocsenresidencia.bcn.cat\/20242025\/wp-json\/wp\/v2\/comments?post=1557"}],"version-history":[{"count":0,"href":"https:\/\/blocsenresidencia.bcn.cat\/20242025\/wp-json\/wp\/v2\/posts\/1557\/revisions"}],"wp:attachment":[{"href":"https:\/\/blocsenresidencia.bcn.cat\/20242025\/wp-json\/wp\/v2\/media?parent=1557"}],"wp:term":[{"taxonomy":"category","embeddable":true,"href":"https:\/\/blocsenresidencia.bcn.cat\/20242025\/wp-json\/wp\/v2\/categories?post=1557"},{"taxonomy":"post_tag","embeddable":true,"href":"https:\/\/blocsenresidencia.bcn.cat\/20242025\/wp-json\/wp\/v2\/tags?post=1557"}],"curies":[{"name":"wp","href":"https:\/\/api.w.org\/{rel}","templated":true}]}}