{"id":1573,"date":"2024-12-09T09:03:28","date_gmt":"2024-12-09T07:03:28","guid":{"rendered":"https:\/\/blocsenresidencia.bcn.cat\/20242025\/2024\/12\/09\/quin-nom-tenen-els-colors-i-com-parlem-dells\/"},"modified":"2024-12-09T09:03:28","modified_gmt":"2024-12-09T07:03:28","slug":"quin-nom-tenen-els-colors-i-com-parlem-dells","status":"publish","type":"post","link":"https:\/\/blocsenresidencia.bcn.cat\/20242025\/2024\/12\/09\/quin-nom-tenen-els-colors-i-com-parlem-dells\/","title":{"rendered":"QUIN NOM TENEN ELS COLORS I COM PARLEM D\u2019ELLS?"},"content":{"rendered":"<p>Des de <a href=\"https:\/\/blocsenresidencia.bcn.cat\/serratbonastre2025\/quin-nom-tenen-els-colors-i-com-parlem-dells\/\">Martina Many\u00e0 EN RESiD\u00c8NCiA l\u2019Institut  Josep Serrat i Bonastre<\/a><\/p>\n<div>Hi ha molts colors amb molts noms diferents. Tots tenen el seu espai i la seva import\u00e0ncia, per\u00f2, si ens fixem en com els podem aconseguir, potser no tots tenen la mateixa rellev\u00e0ncia. Els principals colors a tenir en compte a l\u2019hora de generar-los s\u00f3n el groc el blau cian i vermell, pel fet que \u2026 <\/p>\n<p class=\"link-more\"><a href=\"https:\/\/blocsenresidencia.bcn.cat\/serratbonastre2025\/quin-nom-tenen-els-colors-i-com-parlem-dells\/\" class=\"more-link\">Continua llegint <span class=\"screen-reader-text\">\u00abQUIN NOM TENEN ELS COLORS I COM PARLEM D\u2019ELLS?\u00bb<\/span><\/a><\/p>\n<\/div>\n","protected":false},"excerpt":{"rendered":"<p>Des de Martina Many\u00e0 EN RESiD\u00c8NCiA l\u2019Institut Josep Serrat i Bonastre Hi ha molts colors amb molts noms diferents. Tots tenen el seu espai i la seva import\u00e0ncia, per\u00f2, si ens fixem en com els podem aconseguir, potser no tots tenen la mateixa rellev\u00e0ncia. Els principals colors a tenir en compte a l\u2019hora de generar-los &hellip; <\/p>\n<p class=\"link-more\"><a href=\"https:\/\/blocsenresidencia.bcn.cat\/20242025\/2024\/12\/09\/quin-nom-tenen-els-colors-i-com-parlem-dells\/\" class=\"more-link\">Continua llegint <span class=\"screen-reader-text\">\u00abQUIN NOM TENEN ELS COLORS I COM PARLEM D\u2019ELLS?\u00bb<\/span><\/a><\/p>\n","protected":false},"author":5,"featured_media":0,"comment_status":"closed","ping_status":"closed","sticky":false,"template":"","format":"standard","meta":{"footnotes":""},"categories":[1],"tags":[],"class_list":["post-1573","post","type-post","status-publish","format-standard","hentry","category-general"],"_links":{"self":[{"href":"https:\/\/blocsenresidencia.bcn.cat\/20242025\/wp-json\/wp\/v2\/posts\/1573","targetHints":{"allow":["GET"]}}],"collection":[{"href":"https:\/\/blocsenresidencia.bcn.cat\/20242025\/wp-json\/wp\/v2\/posts"}],"about":[{"href":"https:\/\/blocsenresidencia.bcn.cat\/20242025\/wp-json\/wp\/v2\/types\/post"}],"author":[{"embeddable":true,"href":"https:\/\/blocsenresidencia.bcn.cat\/20242025\/wp-json\/wp\/v2\/users\/5"}],"replies":[{"embeddable":true,"href":"https:\/\/blocsenresidencia.bcn.cat\/20242025\/wp-json\/wp\/v2\/comments?post=1573"}],"version-history":[{"count":0,"href":"https:\/\/blocsenresidencia.bcn.cat\/20242025\/wp-json\/wp\/v2\/posts\/1573\/revisions"}],"wp:attachment":[{"href":"https:\/\/blocsenresidencia.bcn.cat\/20242025\/wp-json\/wp\/v2\/media?parent=1573"}],"wp:term":[{"taxonomy":"category","embeddable":true,"href":"https:\/\/blocsenresidencia.bcn.cat\/20242025\/wp-json\/wp\/v2\/categories?post=1573"},{"taxonomy":"post_tag","embeddable":true,"href":"https:\/\/blocsenresidencia.bcn.cat\/20242025\/wp-json\/wp\/v2\/tags?post=1573"}],"curies":[{"name":"wp","href":"https:\/\/api.w.org\/{rel}","templated":true}]}}