{"id":1578,"date":"2024-12-10T00:20:15","date_gmt":"2024-12-09T22:20:15","guid":{"rendered":"https:\/\/blocsenresidencia.bcn.cat\/20242025\/2024\/12\/10\/2a-sessio-amb-liby\/"},"modified":"2024-12-10T00:20:15","modified_gmt":"2024-12-09T22:20:15","slug":"2a-sessio-amb-liby","status":"publish","type":"post","link":"https:\/\/blocsenresidencia.bcn.cat\/20242025\/2024\/12\/10\/2a-sessio-amb-liby\/","title":{"rendered":"2a Sessi\u00f3. Amb l\u2019Iby."},"content":{"rendered":"<p>Des de <a href=\"https:\/\/blocsenresidencia.bcn.cat\/antaviana2025\/2a-sessio-amb-liby\/\">Cia Aina Lanas EN RESiD\u00c8NCiA a l\u2019Institut Escola Antaviana<\/a><\/p>\n<div>La tarda de dimecres la vam comen\u00e7ar amb una ronda de noms per refrescar la mem\u00f2ria. Les artistes volien recordar els nostres noms perqu\u00e8 elles no ens veuen cada dia com la resta de professors i professores. En aquesta sessi\u00f3, nom\u00e9s va venir una artista de la Cia Aina Lanas, l\u2019Iby.\u00a0Iby\u00a0\u00e9s el nom art\u00edstic de \u2026 <\/p>\n<p class=\"link-more\"><a href=\"https:\/\/blocsenresidencia.bcn.cat\/antaviana2025\/2a-sessio-amb-liby\/\" class=\"more-link\">Continua llegint <span class=\"screen-reader-text\">\u00ab2a Sessi\u00f3. Amb l\u2019Iby.\u00bb<\/span><\/a><\/p>\n<\/div>\n","protected":false},"excerpt":{"rendered":"<p>Des de Cia Aina Lanas EN RESiD\u00c8NCiA a l\u2019Institut Escola Antaviana La tarda de dimecres la vam comen\u00e7ar amb una ronda de noms per refrescar la mem\u00f2ria. Les artistes volien recordar els nostres noms perqu\u00e8 elles no ens veuen cada dia com la resta de professors i professores. En aquesta sessi\u00f3, nom\u00e9s va venir una &hellip; <\/p>\n<p class=\"link-more\"><a href=\"https:\/\/blocsenresidencia.bcn.cat\/20242025\/2024\/12\/10\/2a-sessio-amb-liby\/\" class=\"more-link\">Continua llegint <span class=\"screen-reader-text\">\u00ab2a Sessi\u00f3. Amb l\u2019Iby.\u00bb<\/span><\/a><\/p>\n","protected":false},"author":5,"featured_media":0,"comment_status":"closed","ping_status":"closed","sticky":false,"template":"","format":"standard","meta":{"footnotes":""},"categories":[1],"tags":[],"class_list":["post-1578","post","type-post","status-publish","format-standard","hentry","category-general"],"_links":{"self":[{"href":"https:\/\/blocsenresidencia.bcn.cat\/20242025\/wp-json\/wp\/v2\/posts\/1578","targetHints":{"allow":["GET"]}}],"collection":[{"href":"https:\/\/blocsenresidencia.bcn.cat\/20242025\/wp-json\/wp\/v2\/posts"}],"about":[{"href":"https:\/\/blocsenresidencia.bcn.cat\/20242025\/wp-json\/wp\/v2\/types\/post"}],"author":[{"embeddable":true,"href":"https:\/\/blocsenresidencia.bcn.cat\/20242025\/wp-json\/wp\/v2\/users\/5"}],"replies":[{"embeddable":true,"href":"https:\/\/blocsenresidencia.bcn.cat\/20242025\/wp-json\/wp\/v2\/comments?post=1578"}],"version-history":[{"count":0,"href":"https:\/\/blocsenresidencia.bcn.cat\/20242025\/wp-json\/wp\/v2\/posts\/1578\/revisions"}],"wp:attachment":[{"href":"https:\/\/blocsenresidencia.bcn.cat\/20242025\/wp-json\/wp\/v2\/media?parent=1578"}],"wp:term":[{"taxonomy":"category","embeddable":true,"href":"https:\/\/blocsenresidencia.bcn.cat\/20242025\/wp-json\/wp\/v2\/categories?post=1578"},{"taxonomy":"post_tag","embeddable":true,"href":"https:\/\/blocsenresidencia.bcn.cat\/20242025\/wp-json\/wp\/v2\/tags?post=1578"}],"curies":[{"name":"wp","href":"https:\/\/api.w.org\/{rel}","templated":true}]}}