{"id":1581,"date":"2024-12-10T12:14:04","date_gmt":"2024-12-10T10:14:04","guid":{"rendered":"https:\/\/blocsenresidencia.bcn.cat\/20242025\/2024\/12\/10\/blocs-i-aquarelles-un-mon-de-creativitat-a-labast-de-les-nostres-mans\/"},"modified":"2024-12-10T12:14:04","modified_gmt":"2024-12-10T10:14:04","slug":"blocs-i-aquarelles-un-mon-de-creativitat-a-labast-de-les-nostres-mans","status":"publish","type":"post","link":"https:\/\/blocsenresidencia.bcn.cat\/20242025\/2024\/12\/10\/blocs-i-aquarelles-un-mon-de-creativitat-a-labast-de-les-nostres-mans\/","title":{"rendered":"Blocs i Aquarel\u00b7les: Un M\u00f3n de Creativitat a l\u2019Abast de les Nostres Mans"},"content":{"rendered":"<p>Des de <a href=\"https:\/\/blocsenresidencia.bcn.cat\/pauclaris2025\/blocs-i-aquarelles-un-mon-de-creativitat-a-labast-de-les-nostres-mans\/\">Laia Noal EN RESiD\u00c8NCiA a l\u2019Institut Pau Claris<\/a><\/p>\n<div>Els blocs i les aquarel\u00b7les s\u00f3n una porta d\u2019entrada a l\u2019art per a tothom, des de principiants fins a professionals. Aquest duet essencial no nom\u00e9s inspira creativitat, sin\u00f3 que tamb\u00e9 ofereix un espai \u00edntim per explorar colors, textures i formes sense pressi\u00f3. Un bloc de paper adequat \u00e9s el llen\u00e7 perfecte per a aquarel\u00b7les. Busca\u2019n \u2026 <\/p>\n<p class=\"link-more\"><a href=\"https:\/\/blocsenresidencia.bcn.cat\/pauclaris2025\/blocs-i-aquarelles-un-mon-de-creativitat-a-labast-de-les-nostres-mans\/\" class=\"more-link\">Continua llegint <span class=\"screen-reader-text\">\u00abBlocs i Aquarel\u00b7les: Un M\u00f3n de Creativitat a l\u2019Abast de les Nostres Mans\u00bb<\/span><\/a><\/p>\n<\/div>\n","protected":false},"excerpt":{"rendered":"<p>Des de Laia Noal EN RESiD\u00c8NCiA a l\u2019Institut Pau Claris Els blocs i les aquarel\u00b7les s\u00f3n una porta d\u2019entrada a l\u2019art per a tothom, des de principiants fins a professionals. Aquest duet essencial no nom\u00e9s inspira creativitat, sin\u00f3 que tamb\u00e9 ofereix un espai \u00edntim per explorar colors, textures i formes sense pressi\u00f3. Un bloc de &hellip; <\/p>\n<p class=\"link-more\"><a href=\"https:\/\/blocsenresidencia.bcn.cat\/20242025\/2024\/12\/10\/blocs-i-aquarelles-un-mon-de-creativitat-a-labast-de-les-nostres-mans\/\" class=\"more-link\">Continua llegint <span class=\"screen-reader-text\">\u00abBlocs i Aquarel\u00b7les: Un M\u00f3n de Creativitat a l\u2019Abast de les Nostres Mans\u00bb<\/span><\/a><\/p>\n","protected":false},"author":5,"featured_media":0,"comment_status":"closed","ping_status":"closed","sticky":false,"template":"","format":"standard","meta":{"footnotes":""},"categories":[1],"tags":[],"class_list":["post-1581","post","type-post","status-publish","format-standard","hentry","category-general"],"_links":{"self":[{"href":"https:\/\/blocsenresidencia.bcn.cat\/20242025\/wp-json\/wp\/v2\/posts\/1581","targetHints":{"allow":["GET"]}}],"collection":[{"href":"https:\/\/blocsenresidencia.bcn.cat\/20242025\/wp-json\/wp\/v2\/posts"}],"about":[{"href":"https:\/\/blocsenresidencia.bcn.cat\/20242025\/wp-json\/wp\/v2\/types\/post"}],"author":[{"embeddable":true,"href":"https:\/\/blocsenresidencia.bcn.cat\/20242025\/wp-json\/wp\/v2\/users\/5"}],"replies":[{"embeddable":true,"href":"https:\/\/blocsenresidencia.bcn.cat\/20242025\/wp-json\/wp\/v2\/comments?post=1581"}],"version-history":[{"count":0,"href":"https:\/\/blocsenresidencia.bcn.cat\/20242025\/wp-json\/wp\/v2\/posts\/1581\/revisions"}],"wp:attachment":[{"href":"https:\/\/blocsenresidencia.bcn.cat\/20242025\/wp-json\/wp\/v2\/media?parent=1581"}],"wp:term":[{"taxonomy":"category","embeddable":true,"href":"https:\/\/blocsenresidencia.bcn.cat\/20242025\/wp-json\/wp\/v2\/categories?post=1581"},{"taxonomy":"post_tag","embeddable":true,"href":"https:\/\/blocsenresidencia.bcn.cat\/20242025\/wp-json\/wp\/v2\/tags?post=1581"}],"curies":[{"name":"wp","href":"https:\/\/api.w.org\/{rel}","templated":true}]}}