{"id":1584,"date":"2024-12-10T22:12:26","date_gmt":"2024-12-10T20:12:26","guid":{"rendered":"https:\/\/blocsenresidencia.bcn.cat\/20242025\/2024\/12\/10\/visita-a-les-tres-xemeneies\/"},"modified":"2024-12-10T22:12:26","modified_gmt":"2024-12-10T20:12:26","slug":"visita-a-les-tres-xemeneies","status":"publish","type":"post","link":"https:\/\/blocsenresidencia.bcn.cat\/20242025\/2024\/12\/10\/visita-a-les-tres-xemeneies\/","title":{"rendered":"VISITA A LES TRES XEMENEIES"},"content":{"rendered":"<p>Des de <a href=\"https:\/\/blocsenresidencia.bcn.cat\/sedeta2025\/visita-a-les-tres-xemeneies\/\">Ivonne Villamil EN RESiD\u00c8NCiA a l\u2019Institut La Sedeta<\/a><\/p>\n<div>El passat 30 d\u2019Octubre vam anar a Les Tres Xemeneies\u00a0 de Sant Adri\u00e0 de Bes\u00f2s a veure MANIFESTA 15, que \u00e9s una biennal d\u2019art i arquitectura que cada vegada es fa una ciutat diferent, i aquesta edici\u00f3 \u00e9s a Barcelona. Vam veure les l\u2019espai que \u00e9s una central t\u00e8rmica que va tancar ja fa uns \u2026 <\/p>\n<p class=\"link-more\"><a href=\"https:\/\/blocsenresidencia.bcn.cat\/sedeta2025\/visita-a-les-tres-xemeneies\/\" class=\"more-link\">Continua llegint <span class=\"screen-reader-text\">\u00abVISITA A LES TRES XEMENEIES\u00bb<\/span><\/a><\/p>\n<\/div>\n","protected":false},"excerpt":{"rendered":"<p>Des de Ivonne Villamil EN RESiD\u00c8NCiA a l\u2019Institut La Sedeta El passat 30 d\u2019Octubre vam anar a Les Tres Xemeneies\u00a0 de Sant Adri\u00e0 de Bes\u00f2s a veure MANIFESTA 15, que \u00e9s una biennal d\u2019art i arquitectura que cada vegada es fa una ciutat diferent, i aquesta edici\u00f3 \u00e9s a Barcelona. Vam veure les l\u2019espai que &hellip; <\/p>\n<p class=\"link-more\"><a href=\"https:\/\/blocsenresidencia.bcn.cat\/20242025\/2024\/12\/10\/visita-a-les-tres-xemeneies\/\" class=\"more-link\">Continua llegint <span class=\"screen-reader-text\">\u00abVISITA A LES TRES XEMENEIES\u00bb<\/span><\/a><\/p>\n","protected":false},"author":5,"featured_media":0,"comment_status":"closed","ping_status":"closed","sticky":false,"template":"","format":"standard","meta":{"footnotes":""},"categories":[1],"tags":[],"class_list":["post-1584","post","type-post","status-publish","format-standard","hentry","category-general"],"_links":{"self":[{"href":"https:\/\/blocsenresidencia.bcn.cat\/20242025\/wp-json\/wp\/v2\/posts\/1584","targetHints":{"allow":["GET"]}}],"collection":[{"href":"https:\/\/blocsenresidencia.bcn.cat\/20242025\/wp-json\/wp\/v2\/posts"}],"about":[{"href":"https:\/\/blocsenresidencia.bcn.cat\/20242025\/wp-json\/wp\/v2\/types\/post"}],"author":[{"embeddable":true,"href":"https:\/\/blocsenresidencia.bcn.cat\/20242025\/wp-json\/wp\/v2\/users\/5"}],"replies":[{"embeddable":true,"href":"https:\/\/blocsenresidencia.bcn.cat\/20242025\/wp-json\/wp\/v2\/comments?post=1584"}],"version-history":[{"count":0,"href":"https:\/\/blocsenresidencia.bcn.cat\/20242025\/wp-json\/wp\/v2\/posts\/1584\/revisions"}],"wp:attachment":[{"href":"https:\/\/blocsenresidencia.bcn.cat\/20242025\/wp-json\/wp\/v2\/media?parent=1584"}],"wp:term":[{"taxonomy":"category","embeddable":true,"href":"https:\/\/blocsenresidencia.bcn.cat\/20242025\/wp-json\/wp\/v2\/categories?post=1584"},{"taxonomy":"post_tag","embeddable":true,"href":"https:\/\/blocsenresidencia.bcn.cat\/20242025\/wp-json\/wp\/v2\/tags?post=1584"}],"curies":[{"name":"wp","href":"https:\/\/api.w.org\/{rel}","templated":true}]}}