{"id":1589,"date":"2024-12-16T18:49:30","date_gmt":"2024-12-16T16:49:30","guid":{"rendered":"https:\/\/blocsenresidencia.bcn.cat\/20242025\/2024\/12\/16\/sessio-amb-toni-mira-preparant-la-mostra\/"},"modified":"2024-12-16T18:49:30","modified_gmt":"2024-12-16T16:49:30","slug":"sessio-amb-toni-mira-preparant-la-mostra","status":"publish","type":"post","link":"https:\/\/blocsenresidencia.bcn.cat\/20242025\/2024\/12\/16\/sessio-amb-toni-mira-preparant-la-mostra\/","title":{"rendered":"Sessi\u00f3 amb Toni Mira: preparant la mostra"},"content":{"rendered":"<p>Des de <a href=\"https:\/\/blocsenresidencia.bcn.cat\/bastida2025\/sessio-amb-toni-mira-preparant-la-mostra\/\">Toni Mira EN RESiD\u00c8NCiA a l\u2019Institut La Bastida<\/a><\/p>\n<div>Avui hem tingut una sessi\u00f3 molt enriquidora amb en Toni Mira. Des del primer moment, el grup s\u2019ha mostrat receptiu a les seves indicacions, la qual cosa ha perm\u00e8s avan\u00e7ar en els nostres objectius. Hem comen\u00e7at parlant de la mostra final, que tindr\u00e0 lloc al febrer. A continuaci\u00f3, hem treballat amb una din\u00e0mica en cercle \u2026 <\/p>\n<p class=\"link-more\"><a href=\"https:\/\/blocsenresidencia.bcn.cat\/bastida2025\/sessio-amb-toni-mira-preparant-la-mostra\/\" class=\"more-link\">Continua llegint <span class=\"screen-reader-text\">\u00abSessi\u00f3 amb Toni Mira: preparant la mostra\u00bb<\/span><\/a><\/p>\n<\/div>\n","protected":false},"excerpt":{"rendered":"<p>Des de Toni Mira EN RESiD\u00c8NCiA a l\u2019Institut La Bastida Avui hem tingut una sessi\u00f3 molt enriquidora amb en Toni Mira. Des del primer moment, el grup s\u2019ha mostrat receptiu a les seves indicacions, la qual cosa ha perm\u00e8s avan\u00e7ar en els nostres objectius. Hem comen\u00e7at parlant de la mostra final, que tindr\u00e0 lloc al &hellip; <\/p>\n<p class=\"link-more\"><a href=\"https:\/\/blocsenresidencia.bcn.cat\/20242025\/2024\/12\/16\/sessio-amb-toni-mira-preparant-la-mostra\/\" class=\"more-link\">Continua llegint <span class=\"screen-reader-text\">\u00abSessi\u00f3 amb Toni Mira: preparant la mostra\u00bb<\/span><\/a><\/p>\n","protected":false},"author":5,"featured_media":0,"comment_status":"closed","ping_status":"closed","sticky":false,"template":"","format":"standard","meta":{"footnotes":""},"categories":[1],"tags":[],"class_list":["post-1589","post","type-post","status-publish","format-standard","hentry","category-general"],"_links":{"self":[{"href":"https:\/\/blocsenresidencia.bcn.cat\/20242025\/wp-json\/wp\/v2\/posts\/1589","targetHints":{"allow":["GET"]}}],"collection":[{"href":"https:\/\/blocsenresidencia.bcn.cat\/20242025\/wp-json\/wp\/v2\/posts"}],"about":[{"href":"https:\/\/blocsenresidencia.bcn.cat\/20242025\/wp-json\/wp\/v2\/types\/post"}],"author":[{"embeddable":true,"href":"https:\/\/blocsenresidencia.bcn.cat\/20242025\/wp-json\/wp\/v2\/users\/5"}],"replies":[{"embeddable":true,"href":"https:\/\/blocsenresidencia.bcn.cat\/20242025\/wp-json\/wp\/v2\/comments?post=1589"}],"version-history":[{"count":0,"href":"https:\/\/blocsenresidencia.bcn.cat\/20242025\/wp-json\/wp\/v2\/posts\/1589\/revisions"}],"wp:attachment":[{"href":"https:\/\/blocsenresidencia.bcn.cat\/20242025\/wp-json\/wp\/v2\/media?parent=1589"}],"wp:term":[{"taxonomy":"category","embeddable":true,"href":"https:\/\/blocsenresidencia.bcn.cat\/20242025\/wp-json\/wp\/v2\/categories?post=1589"},{"taxonomy":"post_tag","embeddable":true,"href":"https:\/\/blocsenresidencia.bcn.cat\/20242025\/wp-json\/wp\/v2\/tags?post=1589"}],"curies":[{"name":"wp","href":"https:\/\/api.w.org\/{rel}","templated":true}]}}