{"id":1602,"date":"2025-01-08T21:20:49","date_gmt":"2025-01-08T19:20:49","guid":{"rendered":"https:\/\/blocsenresidencia.bcn.cat\/20242025\/2025\/01\/08\/en-residencia-les-primeres-experiencies-al-projecte-denguany\/"},"modified":"2025-01-08T21:20:49","modified_gmt":"2025-01-08T19:20:49","slug":"en-residencia-les-primeres-experiencies-al-projecte-denguany","status":"publish","type":"post","link":"https:\/\/blocsenresidencia.bcn.cat\/20242025\/2025\/01\/08\/en-residencia-les-primeres-experiencies-al-projecte-denguany\/","title":{"rendered":"En Resid\u00e8ncia: Les primeres experi\u00e8ncies al projecte d\u2019enguany"},"content":{"rendered":"<p>Des de <a href=\"https:\/\/blocsenresidencia.bcn.cat\/doctorpuigvert2025\/en-residencia-les-primeres-experiencies-al-projecte-denguany\/\">Marc Badia EN RESiD\u00c8NCiA a l\u2019 l\u2019Institut Doctor Puigvert<\/a><\/p>\n<div>A \u201cEn Resid\u00e8ncia\u201d estem treballant amb l\u2019artista Marc Badia i comptem amb la mediaci\u00f3 de Mariana Iturralde, representant de EART (Experimentem amb l\u2019Art). Durant el primer trimestre, ens hem dedicat a con\u00e8ixer-nos millor i a participar en diverses din\u00e0miques per trencar el gel i comen\u00e7ar a imaginar el projecte que desenvoluparem conjuntament. En aquest proc\u00e9s, \u2026 <\/p>\n<p class=\"link-more\"><a href=\"https:\/\/blocsenresidencia.bcn.cat\/doctorpuigvert2025\/en-residencia-les-primeres-experiencies-al-projecte-denguany\/\" class=\"more-link\">Continua llegint <span class=\"screen-reader-text\">\u00abEn Resid\u00e8ncia: Les primeres experi\u00e8ncies al projecte d\u2019enguany\u00bb<\/span><\/a><\/p>\n<\/div>\n","protected":false},"excerpt":{"rendered":"<p>Des de Marc Badia EN RESiD\u00c8NCiA a l\u2019 l\u2019Institut Doctor Puigvert A \u201cEn Resid\u00e8ncia\u201d estem treballant amb l\u2019artista Marc Badia i comptem amb la mediaci\u00f3 de Mariana Iturralde, representant de EART (Experimentem amb l\u2019Art). Durant el primer trimestre, ens hem dedicat a con\u00e8ixer-nos millor i a participar en diverses din\u00e0miques per trencar el gel i &hellip; <\/p>\n<p class=\"link-more\"><a href=\"https:\/\/blocsenresidencia.bcn.cat\/20242025\/2025\/01\/08\/en-residencia-les-primeres-experiencies-al-projecte-denguany\/\" class=\"more-link\">Continua llegint <span class=\"screen-reader-text\">\u00abEn Resid\u00e8ncia: Les primeres experi\u00e8ncies al projecte d\u2019enguany\u00bb<\/span><\/a><\/p>\n","protected":false},"author":5,"featured_media":0,"comment_status":"closed","ping_status":"closed","sticky":false,"template":"","format":"standard","meta":{"footnotes":""},"categories":[1],"tags":[],"class_list":["post-1602","post","type-post","status-publish","format-standard","hentry","category-general"],"_links":{"self":[{"href":"https:\/\/blocsenresidencia.bcn.cat\/20242025\/wp-json\/wp\/v2\/posts\/1602","targetHints":{"allow":["GET"]}}],"collection":[{"href":"https:\/\/blocsenresidencia.bcn.cat\/20242025\/wp-json\/wp\/v2\/posts"}],"about":[{"href":"https:\/\/blocsenresidencia.bcn.cat\/20242025\/wp-json\/wp\/v2\/types\/post"}],"author":[{"embeddable":true,"href":"https:\/\/blocsenresidencia.bcn.cat\/20242025\/wp-json\/wp\/v2\/users\/5"}],"replies":[{"embeddable":true,"href":"https:\/\/blocsenresidencia.bcn.cat\/20242025\/wp-json\/wp\/v2\/comments?post=1602"}],"version-history":[{"count":0,"href":"https:\/\/blocsenresidencia.bcn.cat\/20242025\/wp-json\/wp\/v2\/posts\/1602\/revisions"}],"wp:attachment":[{"href":"https:\/\/blocsenresidencia.bcn.cat\/20242025\/wp-json\/wp\/v2\/media?parent=1602"}],"wp:term":[{"taxonomy":"category","embeddable":true,"href":"https:\/\/blocsenresidencia.bcn.cat\/20242025\/wp-json\/wp\/v2\/categories?post=1602"},{"taxonomy":"post_tag","embeddable":true,"href":"https:\/\/blocsenresidencia.bcn.cat\/20242025\/wp-json\/wp\/v2\/tags?post=1602"}],"curies":[{"name":"wp","href":"https:\/\/api.w.org\/{rel}","templated":true}]}}