{"id":1604,"date":"2025-01-08T21:20:59","date_gmt":"2025-01-08T19:20:59","guid":{"rendered":"https:\/\/blocsenresidencia.bcn.cat\/20242025\/2025\/01\/08\/estrategia-3a-hora-diari-daula\/"},"modified":"2025-01-08T21:20:59","modified_gmt":"2025-01-08T19:20:59","slug":"estrategia-3a-hora-diari-daula","status":"publish","type":"post","link":"https:\/\/blocsenresidencia.bcn.cat\/20242025\/2025\/01\/08\/estrategia-3a-hora-diari-daula\/","title":{"rendered":"Estrat\u00e8gia 3\u00aa hora: DIARI D\u2019AULA"},"content":{"rendered":"<p>Des de <a href=\"https:\/\/blocsenresidencia.bcn.cat\/turocaritg2025\/estrategia-3a-hora-diari-daula\/\">Sara de Ubieta EN RESiD\u00c8NCiA a l\u2019Institut Escola Tur\u00f3 d\u2019en Caritg<\/a><\/p>\n<div>Durant la sessi\u00f3 de formaci\u00f3 del 20 de novembre, vam presentar la nostra proposta estrat\u00e8gica per a la tercera hora del projecte. L\u2019objectiu principal d\u2019aquesta proposta \u00e9s fomentar la reflexi\u00f3 i l\u2019autoavaluaci\u00f3 mitjan\u00e7ant un diari d\u2019aula digital. Aquest diari ajudar\u00e0 l\u2019alumnat a connectar les seves emocions i experi\u00e8ncies amb els aprenentatges viscuts a l\u2019aula, permetent-los \u2026 <\/p>\n<p class=\"link-more\"><a href=\"https:\/\/blocsenresidencia.bcn.cat\/turocaritg2025\/estrategia-3a-hora-diari-daula\/\" class=\"more-link\">Continua llegint <span class=\"screen-reader-text\">\u00abEstrat\u00e8gia 3\u00aa hora: DIARI D\u2019AULA\u00bb<\/span><\/a><\/p>\n<\/div>\n","protected":false},"excerpt":{"rendered":"<p>Des de Sara de Ubieta EN RESiD\u00c8NCiA a l\u2019Institut Escola Tur\u00f3 d\u2019en Caritg Durant la sessi\u00f3 de formaci\u00f3 del 20 de novembre, vam presentar la nostra proposta estrat\u00e8gica per a la tercera hora del projecte. L\u2019objectiu principal d\u2019aquesta proposta \u00e9s fomentar la reflexi\u00f3 i l\u2019autoavaluaci\u00f3 mitjan\u00e7ant un diari d\u2019aula digital. Aquest diari ajudar\u00e0 l\u2019alumnat a &hellip; <\/p>\n<p class=\"link-more\"><a href=\"https:\/\/blocsenresidencia.bcn.cat\/20242025\/2025\/01\/08\/estrategia-3a-hora-diari-daula\/\" class=\"more-link\">Continua llegint <span class=\"screen-reader-text\">\u00abEstrat\u00e8gia 3\u00aa hora: DIARI D\u2019AULA\u00bb<\/span><\/a><\/p>\n","protected":false},"author":5,"featured_media":0,"comment_status":"closed","ping_status":"closed","sticky":false,"template":"","format":"standard","meta":{"footnotes":""},"categories":[1],"tags":[],"class_list":["post-1604","post","type-post","status-publish","format-standard","hentry","category-general"],"_links":{"self":[{"href":"https:\/\/blocsenresidencia.bcn.cat\/20242025\/wp-json\/wp\/v2\/posts\/1604","targetHints":{"allow":["GET"]}}],"collection":[{"href":"https:\/\/blocsenresidencia.bcn.cat\/20242025\/wp-json\/wp\/v2\/posts"}],"about":[{"href":"https:\/\/blocsenresidencia.bcn.cat\/20242025\/wp-json\/wp\/v2\/types\/post"}],"author":[{"embeddable":true,"href":"https:\/\/blocsenresidencia.bcn.cat\/20242025\/wp-json\/wp\/v2\/users\/5"}],"replies":[{"embeddable":true,"href":"https:\/\/blocsenresidencia.bcn.cat\/20242025\/wp-json\/wp\/v2\/comments?post=1604"}],"version-history":[{"count":0,"href":"https:\/\/blocsenresidencia.bcn.cat\/20242025\/wp-json\/wp\/v2\/posts\/1604\/revisions"}],"wp:attachment":[{"href":"https:\/\/blocsenresidencia.bcn.cat\/20242025\/wp-json\/wp\/v2\/media?parent=1604"}],"wp:term":[{"taxonomy":"category","embeddable":true,"href":"https:\/\/blocsenresidencia.bcn.cat\/20242025\/wp-json\/wp\/v2\/categories?post=1604"},{"taxonomy":"post_tag","embeddable":true,"href":"https:\/\/blocsenresidencia.bcn.cat\/20242025\/wp-json\/wp\/v2\/tags?post=1604"}],"curies":[{"name":"wp","href":"https:\/\/api.w.org\/{rel}","templated":true}]}}