{"id":1608,"date":"2025-01-10T12:10:50","date_gmt":"2025-01-10T10:10:50","guid":{"rendered":"https:\/\/blocsenresidencia.bcn.cat\/20242025\/2025\/01\/10\/un-dia-diferent-amb-hector-i-agnes\/"},"modified":"2025-01-10T12:10:50","modified_gmt":"2025-01-10T10:10:50","slug":"un-dia-diferent-amb-hector-i-agnes","status":"publish","type":"post","link":"https:\/\/blocsenresidencia.bcn.cat\/20242025\/2025\/01\/10\/un-dia-diferent-amb-hector-i-agnes\/","title":{"rendered":"Un dia diferent amb H\u00e9ctor i Agn\u00e9s"},"content":{"rendered":"<p>Des de <a href=\"https:\/\/blocsenresidencia.bcn.cat\/lamina2025\/un-dia-diferent-amb-hector-i-agnes\/\">Agn\u00e8s Sales i H\u00e9ctor Plaza EN RESiD\u00c8NCiA a l\u2019Institut Escola La Mina<\/a><\/p>\n<div>El dimarts 3 de desembre vam anar a la fabrica Fabra i Coats , vam descobrir un espai creatiu on treballen diferents artistes i vam gaudir de dues actuacions de dansa contempor\u00e0nia. La pe\u00e7a de l\u2019H\u00e9ctor i l\u2019Agn\u00e9s ens va fascinar!<\/div>\n","protected":false},"excerpt":{"rendered":"<p>Des de Agn\u00e8s Sales i H\u00e9ctor Plaza EN RESiD\u00c8NCiA a l\u2019Institut Escola La Mina El dimarts 3 de desembre vam anar a la fabrica Fabra i Coats , vam descobrir un espai creatiu on treballen diferents artistes i vam gaudir de dues actuacions de dansa contempor\u00e0nia. La pe\u00e7a de l\u2019H\u00e9ctor i l\u2019Agn\u00e9s ens va fascinar!<\/p>\n","protected":false},"author":5,"featured_media":0,"comment_status":"closed","ping_status":"closed","sticky":false,"template":"","format":"standard","meta":{"footnotes":""},"categories":[1],"tags":[],"class_list":["post-1608","post","type-post","status-publish","format-standard","hentry","category-general"],"_links":{"self":[{"href":"https:\/\/blocsenresidencia.bcn.cat\/20242025\/wp-json\/wp\/v2\/posts\/1608","targetHints":{"allow":["GET"]}}],"collection":[{"href":"https:\/\/blocsenresidencia.bcn.cat\/20242025\/wp-json\/wp\/v2\/posts"}],"about":[{"href":"https:\/\/blocsenresidencia.bcn.cat\/20242025\/wp-json\/wp\/v2\/types\/post"}],"author":[{"embeddable":true,"href":"https:\/\/blocsenresidencia.bcn.cat\/20242025\/wp-json\/wp\/v2\/users\/5"}],"replies":[{"embeddable":true,"href":"https:\/\/blocsenresidencia.bcn.cat\/20242025\/wp-json\/wp\/v2\/comments?post=1608"}],"version-history":[{"count":0,"href":"https:\/\/blocsenresidencia.bcn.cat\/20242025\/wp-json\/wp\/v2\/posts\/1608\/revisions"}],"wp:attachment":[{"href":"https:\/\/blocsenresidencia.bcn.cat\/20242025\/wp-json\/wp\/v2\/media?parent=1608"}],"wp:term":[{"taxonomy":"category","embeddable":true,"href":"https:\/\/blocsenresidencia.bcn.cat\/20242025\/wp-json\/wp\/v2\/categories?post=1608"},{"taxonomy":"post_tag","embeddable":true,"href":"https:\/\/blocsenresidencia.bcn.cat\/20242025\/wp-json\/wp\/v2\/tags?post=1608"}],"curies":[{"name":"wp","href":"https:\/\/api.w.org\/{rel}","templated":true}]}}