{"id":1617,"date":"2025-01-13T15:11:20","date_gmt":"2025-01-13T13:11:20","guid":{"rendered":"https:\/\/blocsenresidencia.bcn.cat\/20242025\/2025\/01\/13\/descobrint-ritmes-i-estils-musicals-al-nostre-projecte\/"},"modified":"2025-01-13T15:11:20","modified_gmt":"2025-01-13T13:11:20","slug":"descobrint-ritmes-i-estils-musicals-al-nostre-projecte","status":"publish","type":"post","link":"https:\/\/blocsenresidencia.bcn.cat\/20242025\/2025\/01\/13\/descobrint-ritmes-i-estils-musicals-al-nostre-projecte\/","title":{"rendered":"Descobrint ritmes i estils musicals al nostre projecte"},"content":{"rendered":"<p>Des de <a href=\"https:\/\/blocsenresidencia.bcn.cat\/bastida2025\/descobrint-ritmes-i-estils-musicals-al-nostre-projecte\/\">Toni Mira EN RESiD\u00c8NCiA a l\u2019Institut La Bastida<\/a><\/p>\n<div>La sessi\u00f3 d\u2019avui ha comen\u00e7at recordant l\u2019espectacle \u201cTempo\u201d de Toni Mira, que vam veure la setmana passada al Mercat de les Flors. Ens hem endinsat de nou en l\u2019univers del moviment, la m\u00fasica i la seva relaci\u00f3 amb el temps, reflexionant sobre les emocions que ens va transmetre. Despr\u00e9s, hem iniciat una activitat de descoberta \u2026 <\/p>\n<p class=\"link-more\"><a href=\"https:\/\/blocsenresidencia.bcn.cat\/bastida2025\/descobrint-ritmes-i-estils-musicals-al-nostre-projecte\/\" class=\"more-link\">Continua llegint <span class=\"screen-reader-text\">\u00abDescobrint ritmes i estils musicals al nostre projecte\u00bb<\/span><\/a><\/p>\n<\/div>\n","protected":false},"excerpt":{"rendered":"<p>Des de Toni Mira EN RESiD\u00c8NCiA a l\u2019Institut La Bastida La sessi\u00f3 d\u2019avui ha comen\u00e7at recordant l\u2019espectacle \u201cTempo\u201d de Toni Mira, que vam veure la setmana passada al Mercat de les Flors. Ens hem endinsat de nou en l\u2019univers del moviment, la m\u00fasica i la seva relaci\u00f3 amb el temps, reflexionant sobre les emocions que &hellip; <\/p>\n<p class=\"link-more\"><a href=\"https:\/\/blocsenresidencia.bcn.cat\/20242025\/2025\/01\/13\/descobrint-ritmes-i-estils-musicals-al-nostre-projecte\/\" class=\"more-link\">Continua llegint <span class=\"screen-reader-text\">\u00abDescobrint ritmes i estils musicals al nostre projecte\u00bb<\/span><\/a><\/p>\n","protected":false},"author":5,"featured_media":0,"comment_status":"closed","ping_status":"closed","sticky":false,"template":"","format":"standard","meta":{"footnotes":""},"categories":[1],"tags":[],"class_list":["post-1617","post","type-post","status-publish","format-standard","hentry","category-general"],"_links":{"self":[{"href":"https:\/\/blocsenresidencia.bcn.cat\/20242025\/wp-json\/wp\/v2\/posts\/1617","targetHints":{"allow":["GET"]}}],"collection":[{"href":"https:\/\/blocsenresidencia.bcn.cat\/20242025\/wp-json\/wp\/v2\/posts"}],"about":[{"href":"https:\/\/blocsenresidencia.bcn.cat\/20242025\/wp-json\/wp\/v2\/types\/post"}],"author":[{"embeddable":true,"href":"https:\/\/blocsenresidencia.bcn.cat\/20242025\/wp-json\/wp\/v2\/users\/5"}],"replies":[{"embeddable":true,"href":"https:\/\/blocsenresidencia.bcn.cat\/20242025\/wp-json\/wp\/v2\/comments?post=1617"}],"version-history":[{"count":0,"href":"https:\/\/blocsenresidencia.bcn.cat\/20242025\/wp-json\/wp\/v2\/posts\/1617\/revisions"}],"wp:attachment":[{"href":"https:\/\/blocsenresidencia.bcn.cat\/20242025\/wp-json\/wp\/v2\/media?parent=1617"}],"wp:term":[{"taxonomy":"category","embeddable":true,"href":"https:\/\/blocsenresidencia.bcn.cat\/20242025\/wp-json\/wp\/v2\/categories?post=1617"},{"taxonomy":"post_tag","embeddable":true,"href":"https:\/\/blocsenresidencia.bcn.cat\/20242025\/wp-json\/wp\/v2\/tags?post=1617"}],"curies":[{"name":"wp","href":"https:\/\/api.w.org\/{rel}","templated":true}]}}