{"id":1619,"date":"2025-01-15T00:11:35","date_gmt":"2025-01-14T22:11:35","guid":{"rendered":"https:\/\/blocsenresidencia.bcn.cat\/20242025\/2025\/01\/15\/larribada-la-presentacio-i-la-coneixenca-mutua\/"},"modified":"2025-01-15T00:11:35","modified_gmt":"2025-01-14T22:11:35","slug":"larribada-la-presentacio-i-la-coneixenca-mutua","status":"publish","type":"post","link":"https:\/\/blocsenresidencia.bcn.cat\/20242025\/2025\/01\/15\/larribada-la-presentacio-i-la-coneixenca-mutua\/","title":{"rendered":"L\u2019arribada. La presentaci\u00f3 i la coneixen\u00e7a m\u00fatua"},"content":{"rendered":"<p>Des de <a href=\"https:\/\/blocsenresidencia.bcn.cat\/jaumebalmes2025\/larribada-la-presentacio-i-la-coneixenca-mutua\/\">Pere Llobera EN RESiD\u00c8NCiA a l\u2019Institut Jaume Balmes<\/a><\/p>\n<div>L\u2019arribada de l\u2019artista a l\u2019aula \u00e9s un moment esperat amb incertesa per tothom. Per mi com a docent, perqu\u00e8 espero que tot encaixi, que l\u2019artista es trobi a gust i l\u2019alumnat s\u2019hi senti c\u00f2mode i es puguin generar sinergies que permetin aprenentatge profund sobre el fet art\u00edstic.\u00a0 L\u2019artista resident s\u2019enfronta a una situaci\u00f3 totalment desconeguda \u2026 <\/p>\n<p class=\"link-more\"><a href=\"https:\/\/blocsenresidencia.bcn.cat\/jaumebalmes2025\/larribada-la-presentacio-i-la-coneixenca-mutua\/\" class=\"more-link\">Continua llegint <span class=\"screen-reader-text\">\u00abL\u2019arribada. La presentaci\u00f3 i la coneixen\u00e7a m\u00fatua\u00bb<\/span><\/a><\/p>\n<\/div>\n","protected":false},"excerpt":{"rendered":"<p>Des de Pere Llobera EN RESiD\u00c8NCiA a l\u2019Institut Jaume Balmes L\u2019arribada de l\u2019artista a l\u2019aula \u00e9s un moment esperat amb incertesa per tothom. Per mi com a docent, perqu\u00e8 espero que tot encaixi, que l\u2019artista es trobi a gust i l\u2019alumnat s\u2019hi senti c\u00f2mode i es puguin generar sinergies que permetin aprenentatge profund sobre el &hellip; <\/p>\n<p class=\"link-more\"><a href=\"https:\/\/blocsenresidencia.bcn.cat\/20242025\/2025\/01\/15\/larribada-la-presentacio-i-la-coneixenca-mutua\/\" class=\"more-link\">Continua llegint <span class=\"screen-reader-text\">\u00abL\u2019arribada. La presentaci\u00f3 i la coneixen\u00e7a m\u00fatua\u00bb<\/span><\/a><\/p>\n","protected":false},"author":5,"featured_media":0,"comment_status":"closed","ping_status":"closed","sticky":false,"template":"","format":"standard","meta":{"footnotes":""},"categories":[1],"tags":[],"class_list":["post-1619","post","type-post","status-publish","format-standard","hentry","category-general"],"_links":{"self":[{"href":"https:\/\/blocsenresidencia.bcn.cat\/20242025\/wp-json\/wp\/v2\/posts\/1619","targetHints":{"allow":["GET"]}}],"collection":[{"href":"https:\/\/blocsenresidencia.bcn.cat\/20242025\/wp-json\/wp\/v2\/posts"}],"about":[{"href":"https:\/\/blocsenresidencia.bcn.cat\/20242025\/wp-json\/wp\/v2\/types\/post"}],"author":[{"embeddable":true,"href":"https:\/\/blocsenresidencia.bcn.cat\/20242025\/wp-json\/wp\/v2\/users\/5"}],"replies":[{"embeddable":true,"href":"https:\/\/blocsenresidencia.bcn.cat\/20242025\/wp-json\/wp\/v2\/comments?post=1619"}],"version-history":[{"count":0,"href":"https:\/\/blocsenresidencia.bcn.cat\/20242025\/wp-json\/wp\/v2\/posts\/1619\/revisions"}],"wp:attachment":[{"href":"https:\/\/blocsenresidencia.bcn.cat\/20242025\/wp-json\/wp\/v2\/media?parent=1619"}],"wp:term":[{"taxonomy":"category","embeddable":true,"href":"https:\/\/blocsenresidencia.bcn.cat\/20242025\/wp-json\/wp\/v2\/categories?post=1619"},{"taxonomy":"post_tag","embeddable":true,"href":"https:\/\/blocsenresidencia.bcn.cat\/20242025\/wp-json\/wp\/v2\/tags?post=1619"}],"curies":[{"name":"wp","href":"https:\/\/api.w.org\/{rel}","templated":true}]}}