{"id":1631,"date":"2025-01-27T15:02:59","date_gmt":"2025-01-27T13:02:59","guid":{"rendered":"https:\/\/blocsenresidencia.bcn.cat\/20242025\/2025\/01\/27\/espectacle-tempo-a-la-caldera\/"},"modified":"2025-01-27T15:02:59","modified_gmt":"2025-01-27T13:02:59","slug":"espectacle-tempo-a-la-caldera","status":"publish","type":"post","link":"https:\/\/blocsenresidencia.bcn.cat\/20242025\/2025\/01\/27\/espectacle-tempo-a-la-caldera\/","title":{"rendered":"Espectacle Tempo a La Caldera"},"content":{"rendered":"<p>Des de <a href=\"https:\/\/blocsenresidencia.bcn.cat\/martipous2025\/espectacle-tempo-a-la-caldera\/\">Joaquin Collado EN RESiD\u00c8NCiA a l\u2019Institut Mart\u00ed Pous<\/a><\/p>\n<div>Avui en preparaci\u00f3 d\u2019all\u00f2 que volem mostrar properament al professorat en relaci\u00f3 al nostre proc\u00e9s creatiu, hem recordat l\u2019espectacle que vam veure a La Caldera abans de les vacances. Va ser una experi\u00e8ncia on vam descobrir diferents maneres d\u2019entendre la dansa. Les alumnes valoren quines parts les van motivar o interessar m\u00e9s i debatim les \u2026 <\/p>\n<p class=\"link-more\"><a href=\"https:\/\/blocsenresidencia.bcn.cat\/martipous2025\/espectacle-tempo-a-la-caldera\/\" class=\"more-link\">Continua llegint <span class=\"screen-reader-text\">\u00abEspectacle Tempo a La Caldera\u00bb<\/span><\/a><\/p>\n<\/div>\n","protected":false},"excerpt":{"rendered":"<p>Des de Joaquin Collado EN RESiD\u00c8NCiA a l\u2019Institut Mart\u00ed Pous Avui en preparaci\u00f3 d\u2019all\u00f2 que volem mostrar properament al professorat en relaci\u00f3 al nostre proc\u00e9s creatiu, hem recordat l\u2019espectacle que vam veure a La Caldera abans de les vacances. Va ser una experi\u00e8ncia on vam descobrir diferents maneres d\u2019entendre la dansa. Les alumnes valoren quines &hellip; <\/p>\n<p class=\"link-more\"><a href=\"https:\/\/blocsenresidencia.bcn.cat\/20242025\/2025\/01\/27\/espectacle-tempo-a-la-caldera\/\" class=\"more-link\">Continua llegint <span class=\"screen-reader-text\">\u00abEspectacle Tempo a La Caldera\u00bb<\/span><\/a><\/p>\n","protected":false},"author":5,"featured_media":0,"comment_status":"closed","ping_status":"closed","sticky":false,"template":"","format":"standard","meta":{"footnotes":""},"categories":[1],"tags":[],"class_list":["post-1631","post","type-post","status-publish","format-standard","hentry","category-general"],"_links":{"self":[{"href":"https:\/\/blocsenresidencia.bcn.cat\/20242025\/wp-json\/wp\/v2\/posts\/1631","targetHints":{"allow":["GET"]}}],"collection":[{"href":"https:\/\/blocsenresidencia.bcn.cat\/20242025\/wp-json\/wp\/v2\/posts"}],"about":[{"href":"https:\/\/blocsenresidencia.bcn.cat\/20242025\/wp-json\/wp\/v2\/types\/post"}],"author":[{"embeddable":true,"href":"https:\/\/blocsenresidencia.bcn.cat\/20242025\/wp-json\/wp\/v2\/users\/5"}],"replies":[{"embeddable":true,"href":"https:\/\/blocsenresidencia.bcn.cat\/20242025\/wp-json\/wp\/v2\/comments?post=1631"}],"version-history":[{"count":0,"href":"https:\/\/blocsenresidencia.bcn.cat\/20242025\/wp-json\/wp\/v2\/posts\/1631\/revisions"}],"wp:attachment":[{"href":"https:\/\/blocsenresidencia.bcn.cat\/20242025\/wp-json\/wp\/v2\/media?parent=1631"}],"wp:term":[{"taxonomy":"category","embeddable":true,"href":"https:\/\/blocsenresidencia.bcn.cat\/20242025\/wp-json\/wp\/v2\/categories?post=1631"},{"taxonomy":"post_tag","embeddable":true,"href":"https:\/\/blocsenresidencia.bcn.cat\/20242025\/wp-json\/wp\/v2\/tags?post=1631"}],"curies":[{"name":"wp","href":"https:\/\/api.w.org\/{rel}","templated":true}]}}