{"id":1632,"date":"2025-01-29T12:03:11","date_gmt":"2025-01-29T10:03:11","guid":{"rendered":"https:\/\/blocsenresidencia.bcn.cat\/20242025\/2025\/01\/29\/repensant-lobra-definint-personatges-i-una-finestra-oberta-a-la-tercera-hora\/"},"modified":"2025-01-29T12:03:11","modified_gmt":"2025-01-29T10:03:11","slug":"repensant-lobra-definint-personatges-i-una-finestra-oberta-a-la-tercera-hora","status":"publish","type":"post","link":"https:\/\/blocsenresidencia.bcn.cat\/20242025\/2025\/01\/29\/repensant-lobra-definint-personatges-i-una-finestra-oberta-a-la-tercera-hora\/","title":{"rendered":"Repensant l\u2019obra, definint personatges, i una finestra oberta a la tercera hora."},"content":{"rendered":"<p>Des de <a href=\"https:\/\/blocsenresidencia.bcn.cat\/eixample2025\/repensant-lobra-definint-personatges-i-una-finestra-oberta-a-la-tercera-hora\/\">Roc Esquius EN RESiD\u00c8NCiA a l\u2019Institut Escola Eixample<\/a><\/p>\n<div>El meu personatge \u00e9s una noia que no t\u00e9 por de dir el que pensa. Intenta conscienciar a la gent de les injust\u00edcies. Sembla com si sempre sab\u00e9s el que est\u00e0 b\u00e9 i el que no, per\u00f2 a vegades, no sap si el que fa t\u00e9 algun sentit. Est\u00e0 vivint noves emocions i aix\u00f2 a \u2026 <\/p>\n<p class=\"link-more\"><a href=\"https:\/\/blocsenresidencia.bcn.cat\/eixample2025\/repensant-lobra-definint-personatges-i-una-finestra-oberta-a-la-tercera-hora\/\" class=\"more-link\">Continua llegint <span class=\"screen-reader-text\">\u00abRepensant l\u2019obra, definint personatges, i una finestra oberta a la tercera hora.\u00bb<\/span><\/a><\/p>\n<\/div>\n","protected":false},"excerpt":{"rendered":"<p>Des de Roc Esquius EN RESiD\u00c8NCiA a l\u2019Institut Escola Eixample El meu personatge \u00e9s una noia que no t\u00e9 por de dir el que pensa. Intenta conscienciar a la gent de les injust\u00edcies. Sembla com si sempre sab\u00e9s el que est\u00e0 b\u00e9 i el que no, per\u00f2 a vegades, no sap si el que fa &hellip; <\/p>\n<p class=\"link-more\"><a href=\"https:\/\/blocsenresidencia.bcn.cat\/20242025\/2025\/01\/29\/repensant-lobra-definint-personatges-i-una-finestra-oberta-a-la-tercera-hora\/\" class=\"more-link\">Continua llegint <span class=\"screen-reader-text\">\u00abRepensant l\u2019obra, definint personatges, i una finestra oberta a la tercera hora.\u00bb<\/span><\/a><\/p>\n","protected":false},"author":5,"featured_media":0,"comment_status":"closed","ping_status":"closed","sticky":false,"template":"","format":"standard","meta":{"footnotes":""},"categories":[1],"tags":[],"class_list":["post-1632","post","type-post","status-publish","format-standard","hentry","category-general"],"_links":{"self":[{"href":"https:\/\/blocsenresidencia.bcn.cat\/20242025\/wp-json\/wp\/v2\/posts\/1632","targetHints":{"allow":["GET"]}}],"collection":[{"href":"https:\/\/blocsenresidencia.bcn.cat\/20242025\/wp-json\/wp\/v2\/posts"}],"about":[{"href":"https:\/\/blocsenresidencia.bcn.cat\/20242025\/wp-json\/wp\/v2\/types\/post"}],"author":[{"embeddable":true,"href":"https:\/\/blocsenresidencia.bcn.cat\/20242025\/wp-json\/wp\/v2\/users\/5"}],"replies":[{"embeddable":true,"href":"https:\/\/blocsenresidencia.bcn.cat\/20242025\/wp-json\/wp\/v2\/comments?post=1632"}],"version-history":[{"count":0,"href":"https:\/\/blocsenresidencia.bcn.cat\/20242025\/wp-json\/wp\/v2\/posts\/1632\/revisions"}],"wp:attachment":[{"href":"https:\/\/blocsenresidencia.bcn.cat\/20242025\/wp-json\/wp\/v2\/media?parent=1632"}],"wp:term":[{"taxonomy":"category","embeddable":true,"href":"https:\/\/blocsenresidencia.bcn.cat\/20242025\/wp-json\/wp\/v2\/categories?post=1632"},{"taxonomy":"post_tag","embeddable":true,"href":"https:\/\/blocsenresidencia.bcn.cat\/20242025\/wp-json\/wp\/v2\/tags?post=1632"}],"curies":[{"name":"wp","href":"https:\/\/api.w.org\/{rel}","templated":true}]}}