{"id":1633,"date":"2025-01-31T18:36:00","date_gmt":"2025-01-31T16:36:00","guid":{"rendered":"https:\/\/blocsenresidencia.bcn.cat\/20242025\/2025\/01\/31\/quines-son-les-aportacions-de-les-residencies-als-instituts\/"},"modified":"2025-01-31T18:36:00","modified_gmt":"2025-01-31T16:36:00","slug":"quines-son-les-aportacions-de-les-residencies-als-instituts","status":"publish","type":"post","link":"https:\/\/blocsenresidencia.bcn.cat\/20242025\/2025\/01\/31\/quines-son-les-aportacions-de-les-residencies-als-instituts\/","title":{"rendered":"Quines s\u00f3n les aportacions de les resid\u00e8ncies als instituts?"},"content":{"rendered":"<p>Des de <a href=\"https:\/\/blocsenresidencia.bcn.cat\/doctorpuigvert2025\/quines-son-les-aportacions-de-les-residencies-als-instituts\/\">Marc Badia EN RESiD\u00c8NCiA a l\u2019 l\u2019Institut Doctor Puigvert<\/a><\/p>\n<div>L\u2019entrada del Programa Creadors en Resid\u00e8ncia als instituts obre portes a educar en la riquesa de diverses situacions.: La possibilitat de parlar de l\u2019art i la cultura en di\u00e0leg directe amb els seus creadors. All\u00f2 \u00e9s quelcom important perqu\u00e8 apropa l\u2019experi\u00e8ncia de l\u2019art a l\u2019aula i la cultura, com a pr\u00e0ctica real, als imaginaris del \u2026 <\/p>\n<p class=\"link-more\"><a href=\"https:\/\/blocsenresidencia.bcn.cat\/doctorpuigvert2025\/quines-son-les-aportacions-de-les-residencies-als-instituts\/\" class=\"more-link\">Continua llegint <span class=\"screen-reader-text\">\u00abQuines s\u00f3n les aportacions de les resid\u00e8ncies als instituts?\u00bb<\/span><\/a><\/p>\n<\/div>\n","protected":false},"excerpt":{"rendered":"<p>Des de Marc Badia EN RESiD\u00c8NCiA a l\u2019 l\u2019Institut Doctor Puigvert L\u2019entrada del Programa Creadors en Resid\u00e8ncia als instituts obre portes a educar en la riquesa de diverses situacions.: La possibilitat de parlar de l\u2019art i la cultura en di\u00e0leg directe amb els seus creadors. All\u00f2 \u00e9s quelcom important perqu\u00e8 apropa l\u2019experi\u00e8ncia de l\u2019art a &hellip; <\/p>\n<p class=\"link-more\"><a href=\"https:\/\/blocsenresidencia.bcn.cat\/20242025\/2025\/01\/31\/quines-son-les-aportacions-de-les-residencies-als-instituts\/\" class=\"more-link\">Continua llegint <span class=\"screen-reader-text\">\u00abQuines s\u00f3n les aportacions de les resid\u00e8ncies als instituts?\u00bb<\/span><\/a><\/p>\n","protected":false},"author":5,"featured_media":0,"comment_status":"closed","ping_status":"closed","sticky":false,"template":"","format":"standard","meta":{"footnotes":""},"categories":[1],"tags":[],"class_list":["post-1633","post","type-post","status-publish","format-standard","hentry","category-general"],"_links":{"self":[{"href":"https:\/\/blocsenresidencia.bcn.cat\/20242025\/wp-json\/wp\/v2\/posts\/1633","targetHints":{"allow":["GET"]}}],"collection":[{"href":"https:\/\/blocsenresidencia.bcn.cat\/20242025\/wp-json\/wp\/v2\/posts"}],"about":[{"href":"https:\/\/blocsenresidencia.bcn.cat\/20242025\/wp-json\/wp\/v2\/types\/post"}],"author":[{"embeddable":true,"href":"https:\/\/blocsenresidencia.bcn.cat\/20242025\/wp-json\/wp\/v2\/users\/5"}],"replies":[{"embeddable":true,"href":"https:\/\/blocsenresidencia.bcn.cat\/20242025\/wp-json\/wp\/v2\/comments?post=1633"}],"version-history":[{"count":0,"href":"https:\/\/blocsenresidencia.bcn.cat\/20242025\/wp-json\/wp\/v2\/posts\/1633\/revisions"}],"wp:attachment":[{"href":"https:\/\/blocsenresidencia.bcn.cat\/20242025\/wp-json\/wp\/v2\/media?parent=1633"}],"wp:term":[{"taxonomy":"category","embeddable":true,"href":"https:\/\/blocsenresidencia.bcn.cat\/20242025\/wp-json\/wp\/v2\/categories?post=1633"},{"taxonomy":"post_tag","embeddable":true,"href":"https:\/\/blocsenresidencia.bcn.cat\/20242025\/wp-json\/wp\/v2\/tags?post=1633"}],"curies":[{"name":"wp","href":"https:\/\/api.w.org\/{rel}","templated":true}]}}