{"id":1634,"date":"2025-01-31T18:36:00","date_gmt":"2025-01-31T16:36:00","guid":{"rendered":"https:\/\/blocsenresidencia.bcn.cat\/20242025\/2025\/01\/31\/la-3a-hora-pensament-reflexio-i-aterratge-dels-aprenentatges-temps-per-pensar-temps-per-ajustar-temps-per-regular-i-assimilar-aprenentatges\/"},"modified":"2025-01-31T18:36:00","modified_gmt":"2025-01-31T16:36:00","slug":"la-3a-hora-pensament-reflexio-i-aterratge-dels-aprenentatges-temps-per-pensar-temps-per-ajustar-temps-per-regular-i-assimilar-aprenentatges","status":"publish","type":"post","link":"https:\/\/blocsenresidencia.bcn.cat\/20242025\/2025\/01\/31\/la-3a-hora-pensament-reflexio-i-aterratge-dels-aprenentatges-temps-per-pensar-temps-per-ajustar-temps-per-regular-i-assimilar-aprenentatges\/","title":{"rendered":"La 3a hora: Pensament, reflexi\u00f3 i aterratge dels aprenentatges. Temps per pensar, temps per ajustar, temps per regular i assimilar aprenentatges."},"content":{"rendered":"<p>Des de <a href=\"https:\/\/blocsenresidencia.bcn.cat\/doctorpuigvert2025\/la-3a-hora-pensament-reflexio-i-aterratge-dels-aprenentatges-temps-per-pensar-temps-per-ajustar-temps-per-regular-i-assimilar-aprenentatges\/\">Marc Badia EN RESiD\u00c8NCiA a l\u2019 l\u2019Institut Doctor Puigvert<\/a><\/p>\n<div>Setmanalment artista i mediadora entren dues hores a l\u2019institut i deixen anar les seves idees, aportacions i propostes. S\u2019obre un ventall immens en els aprenentatges dels joves. Moltes d\u2019aquestes idees (en el cos d\u2019un aprenent de 12 anys) necessiten temps per a incorporar assimilaci\u00f3, regulaci\u00f3, acomodaci\u00f3. En aquests espais de la tercera hora els estudiants \u2026 <\/p>\n<p class=\"link-more\"><a href=\"https:\/\/blocsenresidencia.bcn.cat\/doctorpuigvert2025\/la-3a-hora-pensament-reflexio-i-aterratge-dels-aprenentatges-temps-per-pensar-temps-per-ajustar-temps-per-regular-i-assimilar-aprenentatges\/\" class=\"more-link\">Continua llegint <span class=\"screen-reader-text\">\u00abLa 3a hora: Pensament, reflexi\u00f3 i aterratge dels aprenentatges. Temps per pensar, temps per ajustar, temps per regular i assimilar aprenentatges.\u00bb<\/span><\/a><\/p>\n<\/div>\n","protected":false},"excerpt":{"rendered":"<p>Des de Marc Badia EN RESiD\u00c8NCiA a l\u2019 l\u2019Institut Doctor Puigvert Setmanalment artista i mediadora entren dues hores a l\u2019institut i deixen anar les seves idees, aportacions i propostes. S\u2019obre un ventall immens en els aprenentatges dels joves. Moltes d\u2019aquestes idees (en el cos d\u2019un aprenent de 12 anys) necessiten temps per a incorporar assimilaci\u00f3, &hellip; <\/p>\n<p class=\"link-more\"><a href=\"https:\/\/blocsenresidencia.bcn.cat\/20242025\/2025\/01\/31\/la-3a-hora-pensament-reflexio-i-aterratge-dels-aprenentatges-temps-per-pensar-temps-per-ajustar-temps-per-regular-i-assimilar-aprenentatges\/\" class=\"more-link\">Continua llegint <span class=\"screen-reader-text\">\u00abLa 3a hora: Pensament, reflexi\u00f3 i aterratge dels aprenentatges. Temps per pensar, temps per ajustar, temps per regular i assimilar aprenentatges.\u00bb<\/span><\/a><\/p>\n","protected":false},"author":5,"featured_media":0,"comment_status":"closed","ping_status":"closed","sticky":false,"template":"","format":"standard","meta":{"footnotes":""},"categories":[1],"tags":[],"class_list":["post-1634","post","type-post","status-publish","format-standard","hentry","category-general"],"_links":{"self":[{"href":"https:\/\/blocsenresidencia.bcn.cat\/20242025\/wp-json\/wp\/v2\/posts\/1634","targetHints":{"allow":["GET"]}}],"collection":[{"href":"https:\/\/blocsenresidencia.bcn.cat\/20242025\/wp-json\/wp\/v2\/posts"}],"about":[{"href":"https:\/\/blocsenresidencia.bcn.cat\/20242025\/wp-json\/wp\/v2\/types\/post"}],"author":[{"embeddable":true,"href":"https:\/\/blocsenresidencia.bcn.cat\/20242025\/wp-json\/wp\/v2\/users\/5"}],"replies":[{"embeddable":true,"href":"https:\/\/blocsenresidencia.bcn.cat\/20242025\/wp-json\/wp\/v2\/comments?post=1634"}],"version-history":[{"count":0,"href":"https:\/\/blocsenresidencia.bcn.cat\/20242025\/wp-json\/wp\/v2\/posts\/1634\/revisions"}],"wp:attachment":[{"href":"https:\/\/blocsenresidencia.bcn.cat\/20242025\/wp-json\/wp\/v2\/media?parent=1634"}],"wp:term":[{"taxonomy":"category","embeddable":true,"href":"https:\/\/blocsenresidencia.bcn.cat\/20242025\/wp-json\/wp\/v2\/categories?post=1634"},{"taxonomy":"post_tag","embeddable":true,"href":"https:\/\/blocsenresidencia.bcn.cat\/20242025\/wp-json\/wp\/v2\/tags?post=1634"}],"curies":[{"name":"wp","href":"https:\/\/api.w.org\/{rel}","templated":true}]}}