{"id":1639,"date":"2025-02-09T21:06:58","date_gmt":"2025-02-09T19:06:58","guid":{"rendered":"https:\/\/blocsenresidencia.bcn.cat\/20242025\/2025\/02\/09\/la-pols-que-no-es-veu-es-ara-visible\/"},"modified":"2025-02-09T21:06:58","modified_gmt":"2025-02-09T19:06:58","slug":"la-pols-que-no-es-veu-es-ara-visible","status":"publish","type":"post","link":"https:\/\/blocsenresidencia.bcn.cat\/20242025\/2025\/02\/09\/la-pols-que-no-es-veu-es-ara-visible\/","title":{"rendered":"La pols que no es veu, \u00e9s ara visible?"},"content":{"rendered":"<p>Des de <a href=\"https:\/\/blocsenresidencia.bcn.cat\/ribera2025\/la-pols-que-no-es-veu\/\">Natalia Dom\u00ednguez EN RESiD\u00c8NCiA a l\u2019Institut La Ribera<\/a><\/p>\n<div>La setmana passada, la Nat\u00e0lia ens va comentar que havia tingut una reuni\u00f3 amb els ve\u00efns i ve\u00efnes del barri de Can Sant Joan, de Montcada i Reixac per con\u00e8ixer l\u2019impacte de la industrialitzaci\u00f3 a la vida dels seus ve\u00efns i ve\u00efnes. La Nat\u00e0lia ens va mostrar unes fotografies de la pols recollida dins de [\u2026]<\/div>\n","protected":false},"excerpt":{"rendered":"<p>Des de Natalia Dom\u00ednguez EN RESiD\u00c8NCiA a l\u2019Institut La Ribera La setmana passada, la Nat\u00e0lia ens va comentar que havia tingut una reuni\u00f3 amb els ve\u00efns i ve\u00efnes del barri de Can Sant Joan, de Montcada i Reixac per con\u00e8ixer l\u2019impacte de la industrialitzaci\u00f3 a la vida dels seus ve\u00efns i ve\u00efnes. La Nat\u00e0lia ens &hellip; <\/p>\n<p class=\"link-more\"><a href=\"https:\/\/blocsenresidencia.bcn.cat\/20242025\/2025\/02\/09\/la-pols-que-no-es-veu-es-ara-visible\/\" class=\"more-link\">Continua llegint <span class=\"screen-reader-text\">\u00abLa pols que no es veu, \u00e9s ara visible?\u00bb<\/span><\/a><\/p>\n","protected":false},"author":5,"featured_media":0,"comment_status":"closed","ping_status":"closed","sticky":false,"template":"","format":"standard","meta":{"footnotes":""},"categories":[1],"tags":[],"class_list":["post-1639","post","type-post","status-publish","format-standard","hentry","category-general"],"_links":{"self":[{"href":"https:\/\/blocsenresidencia.bcn.cat\/20242025\/wp-json\/wp\/v2\/posts\/1639","targetHints":{"allow":["GET"]}}],"collection":[{"href":"https:\/\/blocsenresidencia.bcn.cat\/20242025\/wp-json\/wp\/v2\/posts"}],"about":[{"href":"https:\/\/blocsenresidencia.bcn.cat\/20242025\/wp-json\/wp\/v2\/types\/post"}],"author":[{"embeddable":true,"href":"https:\/\/blocsenresidencia.bcn.cat\/20242025\/wp-json\/wp\/v2\/users\/5"}],"replies":[{"embeddable":true,"href":"https:\/\/blocsenresidencia.bcn.cat\/20242025\/wp-json\/wp\/v2\/comments?post=1639"}],"version-history":[{"count":0,"href":"https:\/\/blocsenresidencia.bcn.cat\/20242025\/wp-json\/wp\/v2\/posts\/1639\/revisions"}],"wp:attachment":[{"href":"https:\/\/blocsenresidencia.bcn.cat\/20242025\/wp-json\/wp\/v2\/media?parent=1639"}],"wp:term":[{"taxonomy":"category","embeddable":true,"href":"https:\/\/blocsenresidencia.bcn.cat\/20242025\/wp-json\/wp\/v2\/categories?post=1639"},{"taxonomy":"post_tag","embeddable":true,"href":"https:\/\/blocsenresidencia.bcn.cat\/20242025\/wp-json\/wp\/v2\/tags?post=1639"}],"curies":[{"name":"wp","href":"https:\/\/api.w.org\/{rel}","templated":true}]}}