{"id":1641,"date":"2025-02-10T00:06:57","date_gmt":"2025-02-09T22:06:57","guid":{"rendered":"https:\/\/blocsenresidencia.bcn.cat\/20242025\/2025\/02\/10\/pluja-didees-el-proces-creatiu\/"},"modified":"2025-02-10T00:06:57","modified_gmt":"2025-02-09T22:06:57","slug":"pluja-didees-el-proces-creatiu","status":"publish","type":"post","link":"https:\/\/blocsenresidencia.bcn.cat\/20242025\/2025\/02\/10\/pluja-didees-el-proces-creatiu\/","title":{"rendered":"Pluja d\u2019idees. El proc\u00e9s creatiu."},"content":{"rendered":"<p>Des de <a href=\"https:\/\/blocsenresidencia.bcn.cat\/ribera2025\/pluja-didees-el-proces-creatiu\/\">Natalia Dom\u00ednguez EN RESiD\u00c8NCiA a l\u2019Institut La Ribera<\/a><\/p>\n<div>Ja fa dies que estem pensant en la sessi\u00f3 oberta. Ens sentim que ho tenim tot for\u00e7a clar, perqu\u00e8 hem estat pensant durant dues sessions o m\u00e9s com podr\u00edem fer-la. No \u00e9s f\u00e0cil que els professors experimentin el que nosaltres estem fent amb tan poc temps, i amb aspectes tan\u2026 abstractes: all\u00f2 que no es [\u2026]<\/div>\n","protected":false},"excerpt":{"rendered":"<p>Des de Natalia Dom\u00ednguez EN RESiD\u00c8NCiA a l\u2019Institut La Ribera Ja fa dies que estem pensant en la sessi\u00f3 oberta. Ens sentim que ho tenim tot for\u00e7a clar, perqu\u00e8 hem estat pensant durant dues sessions o m\u00e9s com podr\u00edem fer-la. No \u00e9s f\u00e0cil que els professors experimentin el que nosaltres estem fent amb tan poc &hellip; <\/p>\n<p class=\"link-more\"><a href=\"https:\/\/blocsenresidencia.bcn.cat\/20242025\/2025\/02\/10\/pluja-didees-el-proces-creatiu\/\" class=\"more-link\">Continua llegint <span class=\"screen-reader-text\">\u00abPluja d\u2019idees. El proc\u00e9s creatiu.\u00bb<\/span><\/a><\/p>\n","protected":false},"author":5,"featured_media":0,"comment_status":"closed","ping_status":"closed","sticky":false,"template":"","format":"standard","meta":{"footnotes":""},"categories":[1],"tags":[],"class_list":["post-1641","post","type-post","status-publish","format-standard","hentry","category-general"],"_links":{"self":[{"href":"https:\/\/blocsenresidencia.bcn.cat\/20242025\/wp-json\/wp\/v2\/posts\/1641","targetHints":{"allow":["GET"]}}],"collection":[{"href":"https:\/\/blocsenresidencia.bcn.cat\/20242025\/wp-json\/wp\/v2\/posts"}],"about":[{"href":"https:\/\/blocsenresidencia.bcn.cat\/20242025\/wp-json\/wp\/v2\/types\/post"}],"author":[{"embeddable":true,"href":"https:\/\/blocsenresidencia.bcn.cat\/20242025\/wp-json\/wp\/v2\/users\/5"}],"replies":[{"embeddable":true,"href":"https:\/\/blocsenresidencia.bcn.cat\/20242025\/wp-json\/wp\/v2\/comments?post=1641"}],"version-history":[{"count":0,"href":"https:\/\/blocsenresidencia.bcn.cat\/20242025\/wp-json\/wp\/v2\/posts\/1641\/revisions"}],"wp:attachment":[{"href":"https:\/\/blocsenresidencia.bcn.cat\/20242025\/wp-json\/wp\/v2\/media?parent=1641"}],"wp:term":[{"taxonomy":"category","embeddable":true,"href":"https:\/\/blocsenresidencia.bcn.cat\/20242025\/wp-json\/wp\/v2\/categories?post=1641"},{"taxonomy":"post_tag","embeddable":true,"href":"https:\/\/blocsenresidencia.bcn.cat\/20242025\/wp-json\/wp\/v2\/tags?post=1641"}],"curies":[{"name":"wp","href":"https:\/\/api.w.org\/{rel}","templated":true}]}}