{"id":1642,"date":"2025-02-10T12:03:55","date_gmt":"2025-02-10T10:03:55","guid":{"rendered":"https:\/\/blocsenresidencia.bcn.cat\/20242025\/2025\/02\/10\/el-taller-dibuixos-del-natural-amb-llapis-tous\/"},"modified":"2025-02-10T12:03:55","modified_gmt":"2025-02-10T10:03:55","slug":"el-taller-dibuixos-del-natural-amb-llapis-tous","status":"publish","type":"post","link":"https:\/\/blocsenresidencia.bcn.cat\/20242025\/2025\/02\/10\/el-taller-dibuixos-del-natural-amb-llapis-tous\/","title":{"rendered":"El taller. Dibuixos del natural amb llapis tous."},"content":{"rendered":"<p>Des de <a href=\"https:\/\/blocsenresidencia.bcn.cat\/jaumebalmes2025\/el-taller-dibuixos-del-natural-amb-llapis-tous-i-carbonet\/\">Pere Llobera EN RESiD\u00c8NCiA a l\u2019Institut Jaume Balmes<\/a><\/p>\n<div>Hem dedicat diversos dies al treball pr\u00e0ctic, fent dibuixos d\u2019observaci\u00f3 del natural, aprofitant que a l\u2019institut hi ha una col\u00b7lecci\u00f3 de guixos que reprodueixen escultures antigues i tamb\u00e9 objectes cer\u00e0mics, ampolles i altres elements decoratius.\u00a0 Ha esdevingut un taller, on el Pere ha anat passant per les taules i compartint el seu coneixement t\u00e8cnic amb \u2026 <\/p>\n<p class=\"link-more\"><a href=\"https:\/\/blocsenresidencia.bcn.cat\/jaumebalmes2025\/el-taller-dibuixos-del-natural-amb-llapis-tous-i-carbonet\/\" class=\"more-link\">Continua llegint <span class=\"screen-reader-text\">\u00abEl taller. Dibuixos del natural amb llapis tous.\u00bb<\/span><\/a><\/p>\n<\/div>\n","protected":false},"excerpt":{"rendered":"<p>Des de Pere Llobera EN RESiD\u00c8NCiA a l\u2019Institut Jaume Balmes Hem dedicat diversos dies al treball pr\u00e0ctic, fent dibuixos d\u2019observaci\u00f3 del natural, aprofitant que a l\u2019institut hi ha una col\u00b7lecci\u00f3 de guixos que reprodueixen escultures antigues i tamb\u00e9 objectes cer\u00e0mics, ampolles i altres elements decoratius.\u00a0 Ha esdevingut un taller, on el Pere ha anat passant &hellip; <\/p>\n<p class=\"link-more\"><a href=\"https:\/\/blocsenresidencia.bcn.cat\/20242025\/2025\/02\/10\/el-taller-dibuixos-del-natural-amb-llapis-tous\/\" class=\"more-link\">Continua llegint <span class=\"screen-reader-text\">\u00abEl taller. Dibuixos del natural amb llapis tous.\u00bb<\/span><\/a><\/p>\n","protected":false},"author":5,"featured_media":0,"comment_status":"closed","ping_status":"closed","sticky":false,"template":"","format":"standard","meta":{"footnotes":""},"categories":[1],"tags":[],"class_list":["post-1642","post","type-post","status-publish","format-standard","hentry","category-general"],"_links":{"self":[{"href":"https:\/\/blocsenresidencia.bcn.cat\/20242025\/wp-json\/wp\/v2\/posts\/1642","targetHints":{"allow":["GET"]}}],"collection":[{"href":"https:\/\/blocsenresidencia.bcn.cat\/20242025\/wp-json\/wp\/v2\/posts"}],"about":[{"href":"https:\/\/blocsenresidencia.bcn.cat\/20242025\/wp-json\/wp\/v2\/types\/post"}],"author":[{"embeddable":true,"href":"https:\/\/blocsenresidencia.bcn.cat\/20242025\/wp-json\/wp\/v2\/users\/5"}],"replies":[{"embeddable":true,"href":"https:\/\/blocsenresidencia.bcn.cat\/20242025\/wp-json\/wp\/v2\/comments?post=1642"}],"version-history":[{"count":0,"href":"https:\/\/blocsenresidencia.bcn.cat\/20242025\/wp-json\/wp\/v2\/posts\/1642\/revisions"}],"wp:attachment":[{"href":"https:\/\/blocsenresidencia.bcn.cat\/20242025\/wp-json\/wp\/v2\/media?parent=1642"}],"wp:term":[{"taxonomy":"category","embeddable":true,"href":"https:\/\/blocsenresidencia.bcn.cat\/20242025\/wp-json\/wp\/v2\/categories?post=1642"},{"taxonomy":"post_tag","embeddable":true,"href":"https:\/\/blocsenresidencia.bcn.cat\/20242025\/wp-json\/wp\/v2\/tags?post=1642"}],"curies":[{"name":"wp","href":"https:\/\/api.w.org\/{rel}","templated":true}]}}