{"id":1643,"date":"2025-02-10T15:02:28","date_gmt":"2025-02-10T13:02:28","guid":{"rendered":"https:\/\/blocsenresidencia.bcn.cat\/20242025\/2025\/02\/10\/habitem-lespai-la-casa-i-el-cos\/"},"modified":"2025-02-10T15:02:28","modified_gmt":"2025-02-10T13:02:28","slug":"habitem-lespai-la-casa-i-el-cos","status":"publish","type":"post","link":"https:\/\/blocsenresidencia.bcn.cat\/20242025\/2025\/02\/10\/habitem-lespai-la-casa-i-el-cos\/","title":{"rendered":"Habitem l\u2019espai: La Casa i el Cos"},"content":{"rendered":"<p>Des de <a href=\"https:\/\/blocsenresidencia.bcn.cat\/bernatmetge2025\/habitem-lespai-la-casa-i-el-cos\/\">Toni Gir\u00f3 EN RESiD\u00c8NCiA a l\u2019Institut Bernat Metge<\/a><\/p>\n<div>Aquesta activitat l\u2019hem fet en dues sessions. El primer dia vam comen\u00e7ar dibuixant el pla de casa nostra, pensant b\u00e9 com s\u00f3n les habitacions i els espais. Despr\u00e9s, amb fang, vam construir els diferents m\u00f2duls de la casa, com si fossin peces que encaixen per formar el nostre espai. Va ser molt divertit veure com \u2026 <\/p>\n<p class=\"link-more\"><a href=\"https:\/\/blocsenresidencia.bcn.cat\/bernatmetge2025\/habitem-lespai-la-casa-i-el-cos\/\" class=\"more-link\">Continua llegint <span class=\"screen-reader-text\">\u00abHabitem l\u2019espai: La Casa i el Cos\u00bb<\/span><\/a><\/p>\n<\/div>\n","protected":false},"excerpt":{"rendered":"<p>Des de Toni Gir\u00f3 EN RESiD\u00c8NCiA a l\u2019Institut Bernat Metge Aquesta activitat l\u2019hem fet en dues sessions. El primer dia vam comen\u00e7ar dibuixant el pla de casa nostra, pensant b\u00e9 com s\u00f3n les habitacions i els espais. Despr\u00e9s, amb fang, vam construir els diferents m\u00f2duls de la casa, com si fossin peces que encaixen per &hellip; <\/p>\n<p class=\"link-more\"><a href=\"https:\/\/blocsenresidencia.bcn.cat\/20242025\/2025\/02\/10\/habitem-lespai-la-casa-i-el-cos\/\" class=\"more-link\">Continua llegint <span class=\"screen-reader-text\">\u00abHabitem l\u2019espai: La Casa i el Cos\u00bb<\/span><\/a><\/p>\n","protected":false},"author":5,"featured_media":0,"comment_status":"closed","ping_status":"closed","sticky":false,"template":"","format":"standard","meta":{"footnotes":""},"categories":[1],"tags":[],"class_list":["post-1643","post","type-post","status-publish","format-standard","hentry","category-general"],"_links":{"self":[{"href":"https:\/\/blocsenresidencia.bcn.cat\/20242025\/wp-json\/wp\/v2\/posts\/1643","targetHints":{"allow":["GET"]}}],"collection":[{"href":"https:\/\/blocsenresidencia.bcn.cat\/20242025\/wp-json\/wp\/v2\/posts"}],"about":[{"href":"https:\/\/blocsenresidencia.bcn.cat\/20242025\/wp-json\/wp\/v2\/types\/post"}],"author":[{"embeddable":true,"href":"https:\/\/blocsenresidencia.bcn.cat\/20242025\/wp-json\/wp\/v2\/users\/5"}],"replies":[{"embeddable":true,"href":"https:\/\/blocsenresidencia.bcn.cat\/20242025\/wp-json\/wp\/v2\/comments?post=1643"}],"version-history":[{"count":0,"href":"https:\/\/blocsenresidencia.bcn.cat\/20242025\/wp-json\/wp\/v2\/posts\/1643\/revisions"}],"wp:attachment":[{"href":"https:\/\/blocsenresidencia.bcn.cat\/20242025\/wp-json\/wp\/v2\/media?parent=1643"}],"wp:term":[{"taxonomy":"category","embeddable":true,"href":"https:\/\/blocsenresidencia.bcn.cat\/20242025\/wp-json\/wp\/v2\/categories?post=1643"},{"taxonomy":"post_tag","embeddable":true,"href":"https:\/\/blocsenresidencia.bcn.cat\/20242025\/wp-json\/wp\/v2\/tags?post=1643"}],"curies":[{"name":"wp","href":"https:\/\/api.w.org\/{rel}","templated":true}]}}