{"id":1664,"date":"2025-02-18T12:07:56","date_gmt":"2025-02-18T10:07:56","guid":{"rendered":"https:\/\/blocsenresidencia.bcn.cat\/20242025\/2025\/02\/18\/comencem-a-fer-cistelles-i-altres-creacions-amb-la-sara-de-ubieta\/"},"modified":"2025-02-18T12:07:56","modified_gmt":"2025-02-18T10:07:56","slug":"comencem-a-fer-cistelles-i-altres-creacions-amb-la-sara-de-ubieta","status":"publish","type":"post","link":"https:\/\/blocsenresidencia.bcn.cat\/20242025\/2025\/02\/18\/comencem-a-fer-cistelles-i-altres-creacions-amb-la-sara-de-ubieta\/","title":{"rendered":"Comencem a fer cistelles i altres creacions amb la Sara de Ubieta"},"content":{"rendered":"<p>Des de <a href=\"https:\/\/blocsenresidencia.bcn.cat\/turocaritg2025\/comencem-a-fer-cistelles-i-altres-creacions-amb-la-sara-de-ubieta\/\">Sara de Ubieta EN RESiD\u00c8NCiA a l\u2019Institut Escola Tur\u00f3 d\u2019en Caritg<\/a><\/p>\n<div>Avui hem arrencat un projecte molt guai amb la Sara de Ubieta: aprendre a fer cistelles i altres objectes amb les nostres mans! Hem comen\u00e7at per les bases, aprenent com treballar els materials i com entrella\u00e7ar-los per donar forma a les nostres idees. Tamb\u00e9 hem vist moltes fotografies de refer\u00e8ncia que ens ajuden a imaginar \u2026 <\/p>\n<p class=\"link-more\"><a href=\"https:\/\/blocsenresidencia.bcn.cat\/turocaritg2025\/comencem-a-fer-cistelles-i-altres-creacions-amb-la-sara-de-ubieta\/\" class=\"more-link\">Continua llegint <span class=\"screen-reader-text\">\u00abComencem a fer cistelles i altres creacions amb la Sara de Ubieta\u00bb<\/span><\/a><\/p>\n<\/div>\n","protected":false},"excerpt":{"rendered":"<p>Des de Sara de Ubieta EN RESiD\u00c8NCiA a l\u2019Institut Escola Tur\u00f3 d\u2019en Caritg Avui hem arrencat un projecte molt guai amb la Sara de Ubieta: aprendre a fer cistelles i altres objectes amb les nostres mans! Hem comen\u00e7at per les bases, aprenent com treballar els materials i com entrella\u00e7ar-los per donar forma a les nostres &hellip; <\/p>\n<p class=\"link-more\"><a href=\"https:\/\/blocsenresidencia.bcn.cat\/20242025\/2025\/02\/18\/comencem-a-fer-cistelles-i-altres-creacions-amb-la-sara-de-ubieta\/\" class=\"more-link\">Continua llegint <span class=\"screen-reader-text\">\u00abComencem a fer cistelles i altres creacions amb la Sara de Ubieta\u00bb<\/span><\/a><\/p>\n","protected":false},"author":5,"featured_media":0,"comment_status":"closed","ping_status":"closed","sticky":false,"template":"","format":"standard","meta":{"footnotes":""},"categories":[1],"tags":[],"class_list":["post-1664","post","type-post","status-publish","format-standard","hentry","category-general"],"_links":{"self":[{"href":"https:\/\/blocsenresidencia.bcn.cat\/20242025\/wp-json\/wp\/v2\/posts\/1664","targetHints":{"allow":["GET"]}}],"collection":[{"href":"https:\/\/blocsenresidencia.bcn.cat\/20242025\/wp-json\/wp\/v2\/posts"}],"about":[{"href":"https:\/\/blocsenresidencia.bcn.cat\/20242025\/wp-json\/wp\/v2\/types\/post"}],"author":[{"embeddable":true,"href":"https:\/\/blocsenresidencia.bcn.cat\/20242025\/wp-json\/wp\/v2\/users\/5"}],"replies":[{"embeddable":true,"href":"https:\/\/blocsenresidencia.bcn.cat\/20242025\/wp-json\/wp\/v2\/comments?post=1664"}],"version-history":[{"count":0,"href":"https:\/\/blocsenresidencia.bcn.cat\/20242025\/wp-json\/wp\/v2\/posts\/1664\/revisions"}],"wp:attachment":[{"href":"https:\/\/blocsenresidencia.bcn.cat\/20242025\/wp-json\/wp\/v2\/media?parent=1664"}],"wp:term":[{"taxonomy":"category","embeddable":true,"href":"https:\/\/blocsenresidencia.bcn.cat\/20242025\/wp-json\/wp\/v2\/categories?post=1664"},{"taxonomy":"post_tag","embeddable":true,"href":"https:\/\/blocsenresidencia.bcn.cat\/20242025\/wp-json\/wp\/v2\/tags?post=1664"}],"curies":[{"name":"wp","href":"https:\/\/api.w.org\/{rel}","templated":true}]}}