{"id":1665,"date":"2025-02-18T15:07:54","date_gmt":"2025-02-18T13:07:54","guid":{"rendered":"https:\/\/blocsenresidencia.bcn.cat\/20242025\/2025\/02\/18\/hiver-sentits-una-recerca-global\/"},"modified":"2025-02-18T15:07:54","modified_gmt":"2025-02-18T13:07:54","slug":"hiver-sentits-una-recerca-global","status":"publish","type":"post","link":"https:\/\/blocsenresidencia.bcn.cat\/20242025\/2025\/02\/18\/hiver-sentits-una-recerca-global\/","title":{"rendered":"HIVER-SENTITS: una recerca global"},"content":{"rendered":"<p>Des de <a href=\"https:\/\/blocsenresidencia.bcn.cat\/pauclaris2025\/hiver-sentits-una-recerca-global\/\">Laia Noal EN RESiD\u00c8NCiA a l\u2019Institut Pau Claris<\/a><\/p>\n<div>L\u2019alumnat del projecte En Resid\u00e8ncia amb l\u2019ajut de la Laia Noal ha cercat informaci\u00f3 sobre l\u2019hivernacle inaugurat l\u2019any 1888 durant l\u2019exposici\u00f3 universal de Barcelona, situat al parc de la Ciutadella. Hem anat investigant la seva hist\u00f2ria i com \u00e9s la seva estructura i la distribuci\u00f3 dels espais. Tamb\u00e9 hem fet exercicis de silenci i tancar \u2026 <\/p>\n<p class=\"link-more\"><a href=\"https:\/\/blocsenresidencia.bcn.cat\/pauclaris2025\/hiver-sentits-una-recerca-global\/\" class=\"more-link\">Continua llegint <span class=\"screen-reader-text\">\u00abHIVER-SENTITS: una recerca global\u00bb<\/span><\/a><\/p>\n<\/div>\n","protected":false},"excerpt":{"rendered":"<p>Des de Laia Noal EN RESiD\u00c8NCiA a l\u2019Institut Pau Claris L\u2019alumnat del projecte En Resid\u00e8ncia amb l\u2019ajut de la Laia Noal ha cercat informaci\u00f3 sobre l\u2019hivernacle inaugurat l\u2019any 1888 durant l\u2019exposici\u00f3 universal de Barcelona, situat al parc de la Ciutadella. Hem anat investigant la seva hist\u00f2ria i com \u00e9s la seva estructura i la distribuci\u00f3 &hellip; <\/p>\n<p class=\"link-more\"><a href=\"https:\/\/blocsenresidencia.bcn.cat\/20242025\/2025\/02\/18\/hiver-sentits-una-recerca-global\/\" class=\"more-link\">Continua llegint <span class=\"screen-reader-text\">\u00abHIVER-SENTITS: una recerca global\u00bb<\/span><\/a><\/p>\n","protected":false},"author":5,"featured_media":0,"comment_status":"closed","ping_status":"closed","sticky":false,"template":"","format":"standard","meta":{"footnotes":""},"categories":[1],"tags":[],"class_list":["post-1665","post","type-post","status-publish","format-standard","hentry","category-general"],"_links":{"self":[{"href":"https:\/\/blocsenresidencia.bcn.cat\/20242025\/wp-json\/wp\/v2\/posts\/1665","targetHints":{"allow":["GET"]}}],"collection":[{"href":"https:\/\/blocsenresidencia.bcn.cat\/20242025\/wp-json\/wp\/v2\/posts"}],"about":[{"href":"https:\/\/blocsenresidencia.bcn.cat\/20242025\/wp-json\/wp\/v2\/types\/post"}],"author":[{"embeddable":true,"href":"https:\/\/blocsenresidencia.bcn.cat\/20242025\/wp-json\/wp\/v2\/users\/5"}],"replies":[{"embeddable":true,"href":"https:\/\/blocsenresidencia.bcn.cat\/20242025\/wp-json\/wp\/v2\/comments?post=1665"}],"version-history":[{"count":0,"href":"https:\/\/blocsenresidencia.bcn.cat\/20242025\/wp-json\/wp\/v2\/posts\/1665\/revisions"}],"wp:attachment":[{"href":"https:\/\/blocsenresidencia.bcn.cat\/20242025\/wp-json\/wp\/v2\/media?parent=1665"}],"wp:term":[{"taxonomy":"category","embeddable":true,"href":"https:\/\/blocsenresidencia.bcn.cat\/20242025\/wp-json\/wp\/v2\/categories?post=1665"},{"taxonomy":"post_tag","embeddable":true,"href":"https:\/\/blocsenresidencia.bcn.cat\/20242025\/wp-json\/wp\/v2\/tags?post=1665"}],"curies":[{"name":"wp","href":"https:\/\/api.w.org\/{rel}","templated":true}]}}