{"id":1672,"date":"2025-02-24T15:08:23","date_gmt":"2025-02-24T13:08:23","guid":{"rendered":"https:\/\/blocsenresidencia.bcn.cat\/20242025\/2025\/02\/24\/la-mostra-que-hem-fet-fins-ara\/"},"modified":"2025-02-24T15:08:23","modified_gmt":"2025-02-24T13:08:23","slug":"la-mostra-que-hem-fet-fins-ara","status":"publish","type":"post","link":"https:\/\/blocsenresidencia.bcn.cat\/20242025\/2025\/02\/24\/la-mostra-que-hem-fet-fins-ara\/","title":{"rendered":"La mostra \u2013 Qu\u00e8 hem fet fins ara?"},"content":{"rendered":"<p>Des de <a href=\"https:\/\/blocsenresidencia.bcn.cat\/bastida2025\/la-mostra-que-hem-fet-fins-ara\/\">Toni Mira EN RESiD\u00c8NCiA a l\u2019Institut La Bastida<\/a><\/p>\n<div>El passat 19 de febrer, l\u2019alumnat del projecte EN RESiD\u00c8NCiA va representar davant del seu equip docent tot all\u00f2 apr\u00e8s fins al moment, comptant amb la participaci\u00f3 en directe de l\u2019artista Toni Mira. Despr\u00e9s de la mostra, es va obrir un col\u00b7loqui on es van compartir reflexions sobre el proc\u00e9s viscut. Durant la conversa, l\u2019alumnat \u2026 <\/p>\n<p class=\"link-more\"><a href=\"https:\/\/blocsenresidencia.bcn.cat\/bastida2025\/la-mostra-que-hem-fet-fins-ara\/\" class=\"more-link\">Continua llegint <span class=\"screen-reader-text\">\u00abLa mostra \u2013 Qu\u00e8 hem fet fins ara?\u00bb<\/span><\/a><\/p>\n<\/div>\n","protected":false},"excerpt":{"rendered":"<p>Des de Toni Mira EN RESiD\u00c8NCiA a l\u2019Institut La Bastida El passat 19 de febrer, l\u2019alumnat del projecte EN RESiD\u00c8NCiA va representar davant del seu equip docent tot all\u00f2 apr\u00e8s fins al moment, comptant amb la participaci\u00f3 en directe de l\u2019artista Toni Mira. Despr\u00e9s de la mostra, es va obrir un col\u00b7loqui on es van &hellip; <\/p>\n<p class=\"link-more\"><a href=\"https:\/\/blocsenresidencia.bcn.cat\/20242025\/2025\/02\/24\/la-mostra-que-hem-fet-fins-ara\/\" class=\"more-link\">Continua llegint <span class=\"screen-reader-text\">\u00abLa mostra \u2013 Qu\u00e8 hem fet fins ara?\u00bb<\/span><\/a><\/p>\n","protected":false},"author":5,"featured_media":0,"comment_status":"closed","ping_status":"closed","sticky":false,"template":"","format":"standard","meta":{"footnotes":""},"categories":[1],"tags":[],"class_list":["post-1672","post","type-post","status-publish","format-standard","hentry","category-general"],"_links":{"self":[{"href":"https:\/\/blocsenresidencia.bcn.cat\/20242025\/wp-json\/wp\/v2\/posts\/1672","targetHints":{"allow":["GET"]}}],"collection":[{"href":"https:\/\/blocsenresidencia.bcn.cat\/20242025\/wp-json\/wp\/v2\/posts"}],"about":[{"href":"https:\/\/blocsenresidencia.bcn.cat\/20242025\/wp-json\/wp\/v2\/types\/post"}],"author":[{"embeddable":true,"href":"https:\/\/blocsenresidencia.bcn.cat\/20242025\/wp-json\/wp\/v2\/users\/5"}],"replies":[{"embeddable":true,"href":"https:\/\/blocsenresidencia.bcn.cat\/20242025\/wp-json\/wp\/v2\/comments?post=1672"}],"version-history":[{"count":0,"href":"https:\/\/blocsenresidencia.bcn.cat\/20242025\/wp-json\/wp\/v2\/posts\/1672\/revisions"}],"wp:attachment":[{"href":"https:\/\/blocsenresidencia.bcn.cat\/20242025\/wp-json\/wp\/v2\/media?parent=1672"}],"wp:term":[{"taxonomy":"category","embeddable":true,"href":"https:\/\/blocsenresidencia.bcn.cat\/20242025\/wp-json\/wp\/v2\/categories?post=1672"},{"taxonomy":"post_tag","embeddable":true,"href":"https:\/\/blocsenresidencia.bcn.cat\/20242025\/wp-json\/wp\/v2\/tags?post=1672"}],"curies":[{"name":"wp","href":"https:\/\/api.w.org\/{rel}","templated":true}]}}