{"id":1673,"date":"2025-02-24T15:08:27","date_gmt":"2025-02-24T13:08:27","guid":{"rendered":"https:\/\/blocsenresidencia.bcn.cat\/20242025\/2025\/02\/24\/sessio-oberta\/"},"modified":"2025-02-24T15:08:27","modified_gmt":"2025-02-24T13:08:27","slug":"sessio-oberta","status":"publish","type":"post","link":"https:\/\/blocsenresidencia.bcn.cat\/20242025\/2025\/02\/24\/sessio-oberta\/","title":{"rendered":"SESSI\u00d3 OBERTA"},"content":{"rendered":"<p>Des de <a href=\"https:\/\/blocsenresidencia.bcn.cat\/alzina2025\/sessio-oberta\/\">Carla Torres EN RESiD\u00c8NCiA a l\u2019Institut L\u2019Alzina<\/a><\/p>\n<div>El passat 12 de febrer a la tarda v\u00e0rem fer una sessi\u00f3 oberta davant de tot el professorat de l\u2019institut. No sab\u00edem amb quina reacci\u00f3 ens trobar\u00edem per\u00f2, finalment, la resposta general ha estat molt entusiasta: \u201cVeient-vos, sentint-vos ara aqu\u00ed en aquest gimn\u00e0s m\u2019he vist i m\u2019he sentit com vosaltres fa molts anys.\u201d Li donem \u2026 <\/p>\n<p class=\"link-more\"><a href=\"https:\/\/blocsenresidencia.bcn.cat\/alzina2025\/sessio-oberta\/\" class=\"more-link\">Continua llegint <span class=\"screen-reader-text\">\u00abSESSI\u00d3 OBERTA\u00bb<\/span><\/a><\/p>\n<\/div>\n","protected":false},"excerpt":{"rendered":"<p>Des de Carla Torres EN RESiD\u00c8NCiA a l\u2019Institut L\u2019Alzina El passat 12 de febrer a la tarda v\u00e0rem fer una sessi\u00f3 oberta davant de tot el professorat de l\u2019institut. No sab\u00edem amb quina reacci\u00f3 ens trobar\u00edem per\u00f2, finalment, la resposta general ha estat molt entusiasta: \u201cVeient-vos, sentint-vos ara aqu\u00ed en aquest gimn\u00e0s m\u2019he vist i &hellip; <\/p>\n<p class=\"link-more\"><a href=\"https:\/\/blocsenresidencia.bcn.cat\/20242025\/2025\/02\/24\/sessio-oberta\/\" class=\"more-link\">Continua llegint <span class=\"screen-reader-text\">\u00abSESSI\u00d3 OBERTA\u00bb<\/span><\/a><\/p>\n","protected":false},"author":5,"featured_media":0,"comment_status":"closed","ping_status":"closed","sticky":false,"template":"","format":"standard","meta":{"footnotes":""},"categories":[1],"tags":[],"class_list":["post-1673","post","type-post","status-publish","format-standard","hentry","category-general"],"_links":{"self":[{"href":"https:\/\/blocsenresidencia.bcn.cat\/20242025\/wp-json\/wp\/v2\/posts\/1673","targetHints":{"allow":["GET"]}}],"collection":[{"href":"https:\/\/blocsenresidencia.bcn.cat\/20242025\/wp-json\/wp\/v2\/posts"}],"about":[{"href":"https:\/\/blocsenresidencia.bcn.cat\/20242025\/wp-json\/wp\/v2\/types\/post"}],"author":[{"embeddable":true,"href":"https:\/\/blocsenresidencia.bcn.cat\/20242025\/wp-json\/wp\/v2\/users\/5"}],"replies":[{"embeddable":true,"href":"https:\/\/blocsenresidencia.bcn.cat\/20242025\/wp-json\/wp\/v2\/comments?post=1673"}],"version-history":[{"count":0,"href":"https:\/\/blocsenresidencia.bcn.cat\/20242025\/wp-json\/wp\/v2\/posts\/1673\/revisions"}],"wp:attachment":[{"href":"https:\/\/blocsenresidencia.bcn.cat\/20242025\/wp-json\/wp\/v2\/media?parent=1673"}],"wp:term":[{"taxonomy":"category","embeddable":true,"href":"https:\/\/blocsenresidencia.bcn.cat\/20242025\/wp-json\/wp\/v2\/categories?post=1673"},{"taxonomy":"post_tag","embeddable":true,"href":"https:\/\/blocsenresidencia.bcn.cat\/20242025\/wp-json\/wp\/v2\/tags?post=1673"}],"curies":[{"name":"wp","href":"https:\/\/api.w.org\/{rel}","templated":true}]}}