{"id":1675,"date":"2025-02-25T15:14:09","date_gmt":"2025-02-25T13:14:09","guid":{"rendered":"https:\/\/blocsenresidencia.bcn.cat\/20242025\/2025\/02\/25\/el-que-fem-amb-el-que-tenim\/"},"modified":"2025-02-25T15:14:09","modified_gmt":"2025-02-25T13:14:09","slug":"el-que-fem-amb-el-que-tenim","status":"publish","type":"post","link":"https:\/\/blocsenresidencia.bcn.cat\/20242025\/2025\/02\/25\/el-que-fem-amb-el-que-tenim\/","title":{"rendered":"El que fem amb el que tenim\u2026."},"content":{"rendered":"<p>Des de <a href=\"https:\/\/blocsenresidencia.bcn.cat\/vazquezmontalban2025\/el-que-fem-amb-el-que-tenim\/\">Joan Negrescolor EN RESiD\u00c8NCiA a l\u2019Institut  V\u00e1zquez Montalb\u00e1n<\/a><\/p>\n<div>Sessi\u00f3 oberta. El passat 17 de febrer vam fer la la sessi\u00f3 oberta al nostre institut. Els i les alumnes s\u2019han implicat en la tasca i han ent\u00e8s cap a on anem i cap a on volem anar. L\u2019han gaudit, i hem gaudit amb ells i elles. He de ser sincera que fins la darrera \u2026 <\/p>\n<p class=\"link-more\"><a href=\"https:\/\/blocsenresidencia.bcn.cat\/vazquezmontalban2025\/el-que-fem-amb-el-que-tenim\/\" class=\"more-link\">Continua llegint <span class=\"screen-reader-text\">\u00abEl que fem amb el que tenim\u2026.\u00bb<\/span><\/a><\/p>\n<\/div>\n","protected":false},"excerpt":{"rendered":"<p>Des de Joan Negrescolor EN RESiD\u00c8NCiA a l\u2019Institut V\u00e1zquez Montalb\u00e1n Sessi\u00f3 oberta. El passat 17 de febrer vam fer la la sessi\u00f3 oberta al nostre institut. Els i les alumnes s\u2019han implicat en la tasca i han ent\u00e8s cap a on anem i cap a on volem anar. L\u2019han gaudit, i hem gaudit amb ells &hellip; <\/p>\n<p class=\"link-more\"><a href=\"https:\/\/blocsenresidencia.bcn.cat\/20242025\/2025\/02\/25\/el-que-fem-amb-el-que-tenim\/\" class=\"more-link\">Continua llegint <span class=\"screen-reader-text\">\u00abEl que fem amb el que tenim\u2026.\u00bb<\/span><\/a><\/p>\n","protected":false},"author":5,"featured_media":0,"comment_status":"closed","ping_status":"closed","sticky":false,"template":"","format":"standard","meta":{"footnotes":""},"categories":[1],"tags":[],"class_list":["post-1675","post","type-post","status-publish","format-standard","hentry","category-general"],"_links":{"self":[{"href":"https:\/\/blocsenresidencia.bcn.cat\/20242025\/wp-json\/wp\/v2\/posts\/1675","targetHints":{"allow":["GET"]}}],"collection":[{"href":"https:\/\/blocsenresidencia.bcn.cat\/20242025\/wp-json\/wp\/v2\/posts"}],"about":[{"href":"https:\/\/blocsenresidencia.bcn.cat\/20242025\/wp-json\/wp\/v2\/types\/post"}],"author":[{"embeddable":true,"href":"https:\/\/blocsenresidencia.bcn.cat\/20242025\/wp-json\/wp\/v2\/users\/5"}],"replies":[{"embeddable":true,"href":"https:\/\/blocsenresidencia.bcn.cat\/20242025\/wp-json\/wp\/v2\/comments?post=1675"}],"version-history":[{"count":0,"href":"https:\/\/blocsenresidencia.bcn.cat\/20242025\/wp-json\/wp\/v2\/posts\/1675\/revisions"}],"wp:attachment":[{"href":"https:\/\/blocsenresidencia.bcn.cat\/20242025\/wp-json\/wp\/v2\/media?parent=1675"}],"wp:term":[{"taxonomy":"category","embeddable":true,"href":"https:\/\/blocsenresidencia.bcn.cat\/20242025\/wp-json\/wp\/v2\/categories?post=1675"},{"taxonomy":"post_tag","embeddable":true,"href":"https:\/\/blocsenresidencia.bcn.cat\/20242025\/wp-json\/wp\/v2\/tags?post=1675"}],"curies":[{"name":"wp","href":"https:\/\/api.w.org\/{rel}","templated":true}]}}