{"id":1684,"date":"2025-03-03T18:03:23","date_gmt":"2025-03-03T16:03:23","guid":{"rendered":"https:\/\/blocsenresidencia.bcn.cat\/20242025\/2025\/03\/03\/sessio-oberta-_-dimecres-19-de-febrer\/"},"modified":"2025-03-03T18:03:23","modified_gmt":"2025-03-03T16:03:23","slug":"sessio-oberta-_-dimecres-19-de-febrer","status":"publish","type":"post","link":"https:\/\/blocsenresidencia.bcn.cat\/20242025\/2025\/03\/03\/sessio-oberta-_-dimecres-19-de-febrer\/","title":{"rendered":"Sessio Oberta _ dimecres 19 de febrer"},"content":{"rendered":"<p>Des de <a href=\"https:\/\/blocsenresidencia.bcn.cat\/bernatmetge2025\/sessio-oberta-_-dimecres-19-de-febrer\/\">Toni Gir\u00f3 EN RESiD\u00c8NCiA a l\u2019Institut Bernat Metge<\/a><\/p>\n<div>En la Sessi\u00f3 Oberta vam presentar entre 5 companys i companyes el que hav\u00edem fet fins ara a En Resid\u00e8ncia amb el Toni Gir\u00f3 al claustre. Primer de tot vam organitzar l\u2019ordre de les nostres presentacions, des de la presentaci\u00f3 inicial fins a la despedida i vam assajar totes les activitats art\u00edstiques que hav\u00edem d\u2019explicar \u2026 <\/p>\n<p class=\"link-more\"><a href=\"https:\/\/blocsenresidencia.bcn.cat\/bernatmetge2025\/sessio-oberta-_-dimecres-19-de-febrer\/\" class=\"more-link\">Continua llegint <span class=\"screen-reader-text\">\u00abSessio Oberta _ dimecres 19 de febrer\u00bb<\/span><\/a><\/p>\n<\/div>\n","protected":false},"excerpt":{"rendered":"<p>Des de Toni Gir\u00f3 EN RESiD\u00c8NCiA a l\u2019Institut Bernat Metge En la Sessi\u00f3 Oberta vam presentar entre 5 companys i companyes el que hav\u00edem fet fins ara a En Resid\u00e8ncia amb el Toni Gir\u00f3 al claustre. Primer de tot vam organitzar l\u2019ordre de les nostres presentacions, des de la presentaci\u00f3 inicial fins a la despedida &hellip; <\/p>\n<p class=\"link-more\"><a href=\"https:\/\/blocsenresidencia.bcn.cat\/20242025\/2025\/03\/03\/sessio-oberta-_-dimecres-19-de-febrer\/\" class=\"more-link\">Continua llegint <span class=\"screen-reader-text\">\u00abSessio Oberta _ dimecres 19 de febrer\u00bb<\/span><\/a><\/p>\n","protected":false},"author":5,"featured_media":0,"comment_status":"closed","ping_status":"closed","sticky":false,"template":"","format":"standard","meta":{"footnotes":""},"categories":[1],"tags":[],"class_list":["post-1684","post","type-post","status-publish","format-standard","hentry","category-general"],"_links":{"self":[{"href":"https:\/\/blocsenresidencia.bcn.cat\/20242025\/wp-json\/wp\/v2\/posts\/1684","targetHints":{"allow":["GET"]}}],"collection":[{"href":"https:\/\/blocsenresidencia.bcn.cat\/20242025\/wp-json\/wp\/v2\/posts"}],"about":[{"href":"https:\/\/blocsenresidencia.bcn.cat\/20242025\/wp-json\/wp\/v2\/types\/post"}],"author":[{"embeddable":true,"href":"https:\/\/blocsenresidencia.bcn.cat\/20242025\/wp-json\/wp\/v2\/users\/5"}],"replies":[{"embeddable":true,"href":"https:\/\/blocsenresidencia.bcn.cat\/20242025\/wp-json\/wp\/v2\/comments?post=1684"}],"version-history":[{"count":0,"href":"https:\/\/blocsenresidencia.bcn.cat\/20242025\/wp-json\/wp\/v2\/posts\/1684\/revisions"}],"wp:attachment":[{"href":"https:\/\/blocsenresidencia.bcn.cat\/20242025\/wp-json\/wp\/v2\/media?parent=1684"}],"wp:term":[{"taxonomy":"category","embeddable":true,"href":"https:\/\/blocsenresidencia.bcn.cat\/20242025\/wp-json\/wp\/v2\/categories?post=1684"},{"taxonomy":"post_tag","embeddable":true,"href":"https:\/\/blocsenresidencia.bcn.cat\/20242025\/wp-json\/wp\/v2\/tags?post=1684"}],"curies":[{"name":"wp","href":"https:\/\/api.w.org\/{rel}","templated":true}]}}