{"id":1685,"date":"2025-03-03T21:03:22","date_gmt":"2025-03-03T19:03:22","guid":{"rendered":"https:\/\/blocsenresidencia.bcn.cat\/20242025\/2025\/03\/03\/visita-mercat-de-les-flors\/"},"modified":"2025-03-03T21:03:22","modified_gmt":"2025-03-03T19:03:22","slug":"visita-mercat-de-les-flors","status":"publish","type":"post","link":"https:\/\/blocsenresidencia.bcn.cat\/20242025\/2025\/03\/03\/visita-mercat-de-les-flors\/","title":{"rendered":"VISITA MERCAT DE LES FLORS"},"content":{"rendered":"<p>Des de <a href=\"https:\/\/blocsenresidencia.bcn.cat\/antaviana2025\/visita-mercat-de-les-flors\/\">Cia Aina Lanas EN RESiD\u00c8NCiA a l\u2019Institut Escola Antaviana<\/a><\/p>\n<div>Aquesta sessi\u00f3 va ser diferent. Era dilluns. Era al mat\u00ed. Vam visitar el Mercat de les Flors i vam fer una classe a la Sala MAC. L\u2019excursi\u00f3 va comen\u00e7ar a les 9:30 del mat\u00ed. Despr\u00e9s de fer la primera classe els d\u2019En Resid\u00e8ncia ens en vam anar amb el Quim i la Cris al metro. \u2026 <\/p>\n<p class=\"link-more\"><a href=\"https:\/\/blocsenresidencia.bcn.cat\/antaviana2025\/visita-mercat-de-les-flors\/\" class=\"more-link\">Continua llegint <span class=\"screen-reader-text\">\u00abVISITA MERCAT DE LES FLORS\u00bb<\/span><\/a><\/p>\n<\/div>\n","protected":false},"excerpt":{"rendered":"<p>Des de Cia Aina Lanas EN RESiD\u00c8NCiA a l\u2019Institut Escola Antaviana Aquesta sessi\u00f3 va ser diferent. Era dilluns. Era al mat\u00ed. Vam visitar el Mercat de les Flors i vam fer una classe a la Sala MAC. L\u2019excursi\u00f3 va comen\u00e7ar a les 9:30 del mat\u00ed. Despr\u00e9s de fer la primera classe els d\u2019En Resid\u00e8ncia ens &hellip; <\/p>\n<p class=\"link-more\"><a href=\"https:\/\/blocsenresidencia.bcn.cat\/20242025\/2025\/03\/03\/visita-mercat-de-les-flors\/\" class=\"more-link\">Continua llegint <span class=\"screen-reader-text\">\u00abVISITA MERCAT DE LES FLORS\u00bb<\/span><\/a><\/p>\n","protected":false},"author":5,"featured_media":0,"comment_status":"closed","ping_status":"closed","sticky":false,"template":"","format":"standard","meta":{"footnotes":""},"categories":[1],"tags":[],"class_list":["post-1685","post","type-post","status-publish","format-standard","hentry","category-general"],"_links":{"self":[{"href":"https:\/\/blocsenresidencia.bcn.cat\/20242025\/wp-json\/wp\/v2\/posts\/1685","targetHints":{"allow":["GET"]}}],"collection":[{"href":"https:\/\/blocsenresidencia.bcn.cat\/20242025\/wp-json\/wp\/v2\/posts"}],"about":[{"href":"https:\/\/blocsenresidencia.bcn.cat\/20242025\/wp-json\/wp\/v2\/types\/post"}],"author":[{"embeddable":true,"href":"https:\/\/blocsenresidencia.bcn.cat\/20242025\/wp-json\/wp\/v2\/users\/5"}],"replies":[{"embeddable":true,"href":"https:\/\/blocsenresidencia.bcn.cat\/20242025\/wp-json\/wp\/v2\/comments?post=1685"}],"version-history":[{"count":0,"href":"https:\/\/blocsenresidencia.bcn.cat\/20242025\/wp-json\/wp\/v2\/posts\/1685\/revisions"}],"wp:attachment":[{"href":"https:\/\/blocsenresidencia.bcn.cat\/20242025\/wp-json\/wp\/v2\/media?parent=1685"}],"wp:term":[{"taxonomy":"category","embeddable":true,"href":"https:\/\/blocsenresidencia.bcn.cat\/20242025\/wp-json\/wp\/v2\/categories?post=1685"},{"taxonomy":"post_tag","embeddable":true,"href":"https:\/\/blocsenresidencia.bcn.cat\/20242025\/wp-json\/wp\/v2\/tags?post=1685"}],"curies":[{"name":"wp","href":"https:\/\/api.w.org\/{rel}","templated":true}]}}