{"id":1694,"date":"2025-03-10T18:05:19","date_gmt":"2025-03-10T16:05:19","guid":{"rendered":"https:\/\/blocsenresidencia.bcn.cat\/20242025\/2025\/03\/10\/sessio-amb-lartista-valo-sonoro\/"},"modified":"2025-03-10T18:05:19","modified_gmt":"2025-03-10T16:05:19","slug":"sessio-amb-lartista-valo-sonoro","status":"publish","type":"post","link":"https:\/\/blocsenresidencia.bcn.cat\/20242025\/2025\/03\/10\/sessio-amb-lartista-valo-sonoro\/","title":{"rendered":"Sessi\u00f3 amb l\u2019artista Valo Sonoro"},"content":{"rendered":"<p>Des de <a href=\"https:\/\/blocsenresidencia.bcn.cat\/sedeta2025\/sessio-amb-lartista-valo-sonoro\/\">Ivonne Villamil EN RESiD\u00c8NCiA a l\u2019Institut La Sedeta<\/a><\/p>\n<div>El 22 de gener va venir un artista molt amic de la Ivonne, el Valo Sonoro, que ens va ensenyar a utilitzar un programa d\u2019edici\u00f3 i masteritzaci\u00f3 de so i ens va fer una demostraci\u00f3 ajuntant totes les nostres postals sonores en un audio de 15 minuts. Va ser molt bonic descobrir com sonaven totes \u2026 <\/p>\n<p class=\"link-more\"><a href=\"https:\/\/blocsenresidencia.bcn.cat\/sedeta2025\/sessio-amb-lartista-valo-sonoro\/\" class=\"more-link\">Continua llegint <span class=\"screen-reader-text\">\u00abSessi\u00f3 amb l\u2019artista Valo Sonoro\u00bb<\/span><\/a><\/p>\n<\/div>\n","protected":false},"excerpt":{"rendered":"<p>Des de Ivonne Villamil EN RESiD\u00c8NCiA a l\u2019Institut La Sedeta El 22 de gener va venir un artista molt amic de la Ivonne, el Valo Sonoro, que ens va ensenyar a utilitzar un programa d\u2019edici\u00f3 i masteritzaci\u00f3 de so i ens va fer una demostraci\u00f3 ajuntant totes les nostres postals sonores en un audio de &hellip; <\/p>\n<p class=\"link-more\"><a href=\"https:\/\/blocsenresidencia.bcn.cat\/20242025\/2025\/03\/10\/sessio-amb-lartista-valo-sonoro\/\" class=\"more-link\">Continua llegint <span class=\"screen-reader-text\">\u00abSessi\u00f3 amb l\u2019artista Valo Sonoro\u00bb<\/span><\/a><\/p>\n","protected":false},"author":5,"featured_media":0,"comment_status":"closed","ping_status":"closed","sticky":false,"template":"","format":"standard","meta":{"footnotes":""},"categories":[1],"tags":[],"class_list":["post-1694","post","type-post","status-publish","format-standard","hentry","category-general"],"_links":{"self":[{"href":"https:\/\/blocsenresidencia.bcn.cat\/20242025\/wp-json\/wp\/v2\/posts\/1694","targetHints":{"allow":["GET"]}}],"collection":[{"href":"https:\/\/blocsenresidencia.bcn.cat\/20242025\/wp-json\/wp\/v2\/posts"}],"about":[{"href":"https:\/\/blocsenresidencia.bcn.cat\/20242025\/wp-json\/wp\/v2\/types\/post"}],"author":[{"embeddable":true,"href":"https:\/\/blocsenresidencia.bcn.cat\/20242025\/wp-json\/wp\/v2\/users\/5"}],"replies":[{"embeddable":true,"href":"https:\/\/blocsenresidencia.bcn.cat\/20242025\/wp-json\/wp\/v2\/comments?post=1694"}],"version-history":[{"count":0,"href":"https:\/\/blocsenresidencia.bcn.cat\/20242025\/wp-json\/wp\/v2\/posts\/1694\/revisions"}],"wp:attachment":[{"href":"https:\/\/blocsenresidencia.bcn.cat\/20242025\/wp-json\/wp\/v2\/media?parent=1694"}],"wp:term":[{"taxonomy":"category","embeddable":true,"href":"https:\/\/blocsenresidencia.bcn.cat\/20242025\/wp-json\/wp\/v2\/categories?post=1694"},{"taxonomy":"post_tag","embeddable":true,"href":"https:\/\/blocsenresidencia.bcn.cat\/20242025\/wp-json\/wp\/v2\/tags?post=1694"}],"curies":[{"name":"wp","href":"https:\/\/api.w.org\/{rel}","templated":true}]}}