{"id":1700,"date":"2025-03-20T15:05:55","date_gmt":"2025-03-20T13:05:55","guid":{"rendered":"https:\/\/blocsenresidencia.bcn.cat\/20242025\/2025\/03\/20\/pensat-la-intervencio-marc\/"},"modified":"2025-03-20T15:05:55","modified_gmt":"2025-03-20T13:05:55","slug":"pensat-la-intervencio-marc","status":"publish","type":"post","link":"https:\/\/blocsenresidencia.bcn.cat\/20242025\/2025\/03\/20\/pensat-la-intervencio-marc\/","title":{"rendered":"Pensat la intervenci\u00f3  (Mar\u00e7)"},"content":{"rendered":"<p>Des de <a href=\"https:\/\/blocsenresidencia.bcn.cat\/infantaisabelarago2025\/pensat-la-intervencio-marc\/\">Equal Saree EN RESiD\u00c8NCiA a l\u2019Institut Infanta Isabel d\u2019Arag\u00f3<\/a><\/p>\n<div>Durant el mes de mar\u00e7, hem fet la presentaci\u00f3 i hem estat treballant en el marc d\u2019intervenci\u00f3 del grup en el pati interior, on es troba el hort comunitari del Centre C\u00edvic de Sant Mart\u00ed. Per aix\u00f2, hem fet una sessi\u00f3 de sortida per veure el plantejament de les possibles l\u00ednies d\u2019un mural. En una \u2026 <\/p>\n<p class=\"link-more\"><a href=\"https:\/\/blocsenresidencia.bcn.cat\/infantaisabelarago2025\/pensat-la-intervencio-marc\/\" class=\"more-link\">Continua llegint <span class=\"screen-reader-text\">\u00abPensat la intervenci\u00f3  (Mar\u00e7)\u00bb<\/span><\/a><\/p>\n<\/div>\n","protected":false},"excerpt":{"rendered":"<p>Des de Equal Saree EN RESiD\u00c8NCiA a l\u2019Institut Infanta Isabel d\u2019Arag\u00f3 Durant el mes de mar\u00e7, hem fet la presentaci\u00f3 i hem estat treballant en el marc d\u2019intervenci\u00f3 del grup en el pati interior, on es troba el hort comunitari del Centre C\u00edvic de Sant Mart\u00ed. Per aix\u00f2, hem fet una sessi\u00f3 de sortida per &hellip; <\/p>\n<p class=\"link-more\"><a href=\"https:\/\/blocsenresidencia.bcn.cat\/20242025\/2025\/03\/20\/pensat-la-intervencio-marc\/\" class=\"more-link\">Continua llegint <span class=\"screen-reader-text\">\u00abPensat la intervenci\u00f3  (Mar\u00e7)\u00bb<\/span><\/a><\/p>\n","protected":false},"author":5,"featured_media":0,"comment_status":"closed","ping_status":"closed","sticky":false,"template":"","format":"standard","meta":{"footnotes":""},"categories":[1],"tags":[],"class_list":["post-1700","post","type-post","status-publish","format-standard","hentry","category-general"],"_links":{"self":[{"href":"https:\/\/blocsenresidencia.bcn.cat\/20242025\/wp-json\/wp\/v2\/posts\/1700","targetHints":{"allow":["GET"]}}],"collection":[{"href":"https:\/\/blocsenresidencia.bcn.cat\/20242025\/wp-json\/wp\/v2\/posts"}],"about":[{"href":"https:\/\/blocsenresidencia.bcn.cat\/20242025\/wp-json\/wp\/v2\/types\/post"}],"author":[{"embeddable":true,"href":"https:\/\/blocsenresidencia.bcn.cat\/20242025\/wp-json\/wp\/v2\/users\/5"}],"replies":[{"embeddable":true,"href":"https:\/\/blocsenresidencia.bcn.cat\/20242025\/wp-json\/wp\/v2\/comments?post=1700"}],"version-history":[{"count":0,"href":"https:\/\/blocsenresidencia.bcn.cat\/20242025\/wp-json\/wp\/v2\/posts\/1700\/revisions"}],"wp:attachment":[{"href":"https:\/\/blocsenresidencia.bcn.cat\/20242025\/wp-json\/wp\/v2\/media?parent=1700"}],"wp:term":[{"taxonomy":"category","embeddable":true,"href":"https:\/\/blocsenresidencia.bcn.cat\/20242025\/wp-json\/wp\/v2\/categories?post=1700"},{"taxonomy":"post_tag","embeddable":true,"href":"https:\/\/blocsenresidencia.bcn.cat\/20242025\/wp-json\/wp\/v2\/tags?post=1700"}],"curies":[{"name":"wp","href":"https:\/\/api.w.org\/{rel}","templated":true}]}}