{"id":1710,"date":"2025-03-31T12:01:03","date_gmt":"2025-03-31T10:01:03","guid":{"rendered":"https:\/\/blocsenresidencia.bcn.cat\/20242025\/2025\/03\/31\/estem-preparant-la-nostra-coreografia\/"},"modified":"2025-03-31T12:01:03","modified_gmt":"2025-03-31T10:01:03","slug":"estem-preparant-la-nostra-coreografia","status":"publish","type":"post","link":"https:\/\/blocsenresidencia.bcn.cat\/20242025\/2025\/03\/31\/estem-preparant-la-nostra-coreografia\/","title":{"rendered":"Estem preparant\u00a0 la nostra Coreografia"},"content":{"rendered":"<p>Des de <a href=\"https:\/\/blocsenresidencia.bcn.cat\/lamina2025\/estem-preparant-la-nostra-coreografia\/\">Agn\u00e8s Sales i H\u00e9ctor Plaza EN RESiD\u00c8NCiA a l\u2019Institut Escola La Mina<\/a><\/p>\n<div>Un altre dia m\u00e9s amb l\u2019H\u00e8ctor i l\u2019Agn\u00e8s. Va ser una sessi\u00f3 diferent, ja que \u00e9rem poques persones. A trav\u00e9s de diferents exercicis, vam comen\u00e7ar a practicar la coreografia de la mostra. Esfor\u00e7, const\u00e0ncia\u00a0 i equip!<\/div>\n","protected":false},"excerpt":{"rendered":"<p>Des de Agn\u00e8s Sales i H\u00e9ctor Plaza EN RESiD\u00c8NCiA a l\u2019Institut Escola La Mina Un altre dia m\u00e9s amb l\u2019H\u00e8ctor i l\u2019Agn\u00e8s. Va ser una sessi\u00f3 diferent, ja que \u00e9rem poques persones. A trav\u00e9s de diferents exercicis, vam comen\u00e7ar a practicar la coreografia de la mostra. Esfor\u00e7, const\u00e0ncia\u00a0 i equip!<\/p>\n","protected":false},"author":5,"featured_media":0,"comment_status":"closed","ping_status":"closed","sticky":false,"template":"","format":"standard","meta":{"footnotes":""},"categories":[1],"tags":[],"class_list":["post-1710","post","type-post","status-publish","format-standard","hentry","category-general"],"_links":{"self":[{"href":"https:\/\/blocsenresidencia.bcn.cat\/20242025\/wp-json\/wp\/v2\/posts\/1710","targetHints":{"allow":["GET"]}}],"collection":[{"href":"https:\/\/blocsenresidencia.bcn.cat\/20242025\/wp-json\/wp\/v2\/posts"}],"about":[{"href":"https:\/\/blocsenresidencia.bcn.cat\/20242025\/wp-json\/wp\/v2\/types\/post"}],"author":[{"embeddable":true,"href":"https:\/\/blocsenresidencia.bcn.cat\/20242025\/wp-json\/wp\/v2\/users\/5"}],"replies":[{"embeddable":true,"href":"https:\/\/blocsenresidencia.bcn.cat\/20242025\/wp-json\/wp\/v2\/comments?post=1710"}],"version-history":[{"count":0,"href":"https:\/\/blocsenresidencia.bcn.cat\/20242025\/wp-json\/wp\/v2\/posts\/1710\/revisions"}],"wp:attachment":[{"href":"https:\/\/blocsenresidencia.bcn.cat\/20242025\/wp-json\/wp\/v2\/media?parent=1710"}],"wp:term":[{"taxonomy":"category","embeddable":true,"href":"https:\/\/blocsenresidencia.bcn.cat\/20242025\/wp-json\/wp\/v2\/categories?post=1710"},{"taxonomy":"post_tag","embeddable":true,"href":"https:\/\/blocsenresidencia.bcn.cat\/20242025\/wp-json\/wp\/v2\/tags?post=1710"}],"curies":[{"name":"wp","href":"https:\/\/api.w.org\/{rel}","templated":true}]}}