{"id":1712,"date":"2025-03-31T12:01:03","date_gmt":"2025-03-31T10:01:03","guid":{"rendered":"https:\/\/blocsenresidencia.bcn.cat\/20242025\/2025\/03\/31\/el-dia-de-la-mostra\/"},"modified":"2025-03-31T12:01:03","modified_gmt":"2025-03-31T10:01:03","slug":"el-dia-de-la-mostra","status":"publish","type":"post","link":"https:\/\/blocsenresidencia.bcn.cat\/20242025\/2025\/03\/31\/el-dia-de-la-mostra\/","title":{"rendered":"El dia de la mostra"},"content":{"rendered":"<p>Des de <a href=\"https:\/\/blocsenresidencia.bcn.cat\/lamina2025\/el-dia-de-la-mostra\/\">Agn\u00e8s Sales i H\u00e9ctor Plaza EN RESiD\u00c8NCiA a l\u2019Institut Escola La Mina<\/a><\/p>\n<div>El dia de la mostra va ser molt emocionant! Est\u00e0vem molt nerviosos perqu\u00e8 hi havia molta gent que no coneix\u00edem i no sab\u00edem si ens sortiria com hav\u00edem practicat. Cadascun de nosaltres va participar a la seva manera: l\u2019Adelina posava la m\u00fasica, el David, el Rafa i el Joaqu\u00edn van presentar el projecte i van \u2026 <\/p>\n<p class=\"link-more\"><a href=\"https:\/\/blocsenresidencia.bcn.cat\/lamina2025\/el-dia-de-la-mostra\/\" class=\"more-link\">Continua llegint <span class=\"screen-reader-text\">\u00abEl dia de la mostra\u00bb<\/span><\/a><\/p>\n<\/div>\n","protected":false},"excerpt":{"rendered":"<p>Des de Agn\u00e8s Sales i H\u00e9ctor Plaza EN RESiD\u00c8NCiA a l\u2019Institut Escola La Mina El dia de la mostra va ser molt emocionant! Est\u00e0vem molt nerviosos perqu\u00e8 hi havia molta gent que no coneix\u00edem i no sab\u00edem si ens sortiria com hav\u00edem practicat. Cadascun de nosaltres va participar a la seva manera: l\u2019Adelina posava la &hellip; <\/p>\n<p class=\"link-more\"><a href=\"https:\/\/blocsenresidencia.bcn.cat\/20242025\/2025\/03\/31\/el-dia-de-la-mostra\/\" class=\"more-link\">Continua llegint <span class=\"screen-reader-text\">\u00abEl dia de la mostra\u00bb<\/span><\/a><\/p>\n","protected":false},"author":5,"featured_media":0,"comment_status":"closed","ping_status":"closed","sticky":false,"template":"","format":"standard","meta":{"footnotes":""},"categories":[1],"tags":[],"class_list":["post-1712","post","type-post","status-publish","format-standard","hentry","category-general"],"_links":{"self":[{"href":"https:\/\/blocsenresidencia.bcn.cat\/20242025\/wp-json\/wp\/v2\/posts\/1712","targetHints":{"allow":["GET"]}}],"collection":[{"href":"https:\/\/blocsenresidencia.bcn.cat\/20242025\/wp-json\/wp\/v2\/posts"}],"about":[{"href":"https:\/\/blocsenresidencia.bcn.cat\/20242025\/wp-json\/wp\/v2\/types\/post"}],"author":[{"embeddable":true,"href":"https:\/\/blocsenresidencia.bcn.cat\/20242025\/wp-json\/wp\/v2\/users\/5"}],"replies":[{"embeddable":true,"href":"https:\/\/blocsenresidencia.bcn.cat\/20242025\/wp-json\/wp\/v2\/comments?post=1712"}],"version-history":[{"count":0,"href":"https:\/\/blocsenresidencia.bcn.cat\/20242025\/wp-json\/wp\/v2\/posts\/1712\/revisions"}],"wp:attachment":[{"href":"https:\/\/blocsenresidencia.bcn.cat\/20242025\/wp-json\/wp\/v2\/media?parent=1712"}],"wp:term":[{"taxonomy":"category","embeddable":true,"href":"https:\/\/blocsenresidencia.bcn.cat\/20242025\/wp-json\/wp\/v2\/categories?post=1712"},{"taxonomy":"post_tag","embeddable":true,"href":"https:\/\/blocsenresidencia.bcn.cat\/20242025\/wp-json\/wp\/v2\/tags?post=1712"}],"curies":[{"name":"wp","href":"https:\/\/api.w.org\/{rel}","templated":true}]}}