{"id":1719,"date":"2025-03-31T18:03:04","date_gmt":"2025-03-31T16:03:04","guid":{"rendered":"https:\/\/blocsenresidencia.bcn.cat\/20242025\/2025\/03\/31\/explorem-el-pont-de-sarajevo\/"},"modified":"2025-03-31T18:03:04","modified_gmt":"2025-03-31T16:03:04","slug":"explorem-el-pont-de-sarajevo","status":"publish","type":"post","link":"https:\/\/blocsenresidencia.bcn.cat\/20242025\/2025\/03\/31\/explorem-el-pont-de-sarajevo\/","title":{"rendered":"Explorem\u2026 El pont de Sarajevo"},"content":{"rendered":"<p>Des de <a href=\"https:\/\/blocsenresidencia.bcn.cat\/trinitatnova2025\/explorem-el-pont-de-sarajevo\/\">Pep Vidal EN RESiD\u00c8NCiA a l\u2019Institut Escola Trinitat Nova<\/a><\/p>\n<div>Vam veure el cel, vam veure vehicles que circulaven per la Meridiana. En pujar a l\u2019ascensor, vam canviar la perspectiva. Vam veure la difer\u00e8ncia entre els n\u00favols carregats de pluja i altres que no tenien molt a dir. El que m\u00e9s recordo \u00e9s all\u00f2 que diu Camilo: \u00e9s all\u00e0 on el cel es dividia en \u2026 <\/p>\n<p class=\"link-more\"><a href=\"https:\/\/blocsenresidencia.bcn.cat\/trinitatnova2025\/explorem-el-pont-de-sarajevo\/\" class=\"more-link\">Continua llegint <span class=\"screen-reader-text\">\u00abExplorem\u2026 El pont de Sarajevo\u00bb<\/span><\/a><\/p>\n<\/div>\n","protected":false},"excerpt":{"rendered":"<p>Des de Pep Vidal EN RESiD\u00c8NCiA a l\u2019Institut Escola Trinitat Nova Vam veure el cel, vam veure vehicles que circulaven per la Meridiana. En pujar a l\u2019ascensor, vam canviar la perspectiva. Vam veure la difer\u00e8ncia entre els n\u00favols carregats de pluja i altres que no tenien molt a dir. El que m\u00e9s recordo \u00e9s all\u00f2 &hellip; <\/p>\n<p class=\"link-more\"><a href=\"https:\/\/blocsenresidencia.bcn.cat\/20242025\/2025\/03\/31\/explorem-el-pont-de-sarajevo\/\" class=\"more-link\">Continua llegint <span class=\"screen-reader-text\">\u00abExplorem\u2026 El pont de Sarajevo\u00bb<\/span><\/a><\/p>\n","protected":false},"author":5,"featured_media":0,"comment_status":"closed","ping_status":"closed","sticky":false,"template":"","format":"standard","meta":{"footnotes":""},"categories":[1],"tags":[],"class_list":["post-1719","post","type-post","status-publish","format-standard","hentry","category-general"],"_links":{"self":[{"href":"https:\/\/blocsenresidencia.bcn.cat\/20242025\/wp-json\/wp\/v2\/posts\/1719","targetHints":{"allow":["GET"]}}],"collection":[{"href":"https:\/\/blocsenresidencia.bcn.cat\/20242025\/wp-json\/wp\/v2\/posts"}],"about":[{"href":"https:\/\/blocsenresidencia.bcn.cat\/20242025\/wp-json\/wp\/v2\/types\/post"}],"author":[{"embeddable":true,"href":"https:\/\/blocsenresidencia.bcn.cat\/20242025\/wp-json\/wp\/v2\/users\/5"}],"replies":[{"embeddable":true,"href":"https:\/\/blocsenresidencia.bcn.cat\/20242025\/wp-json\/wp\/v2\/comments?post=1719"}],"version-history":[{"count":0,"href":"https:\/\/blocsenresidencia.bcn.cat\/20242025\/wp-json\/wp\/v2\/posts\/1719\/revisions"}],"wp:attachment":[{"href":"https:\/\/blocsenresidencia.bcn.cat\/20242025\/wp-json\/wp\/v2\/media?parent=1719"}],"wp:term":[{"taxonomy":"category","embeddable":true,"href":"https:\/\/blocsenresidencia.bcn.cat\/20242025\/wp-json\/wp\/v2\/categories?post=1719"},{"taxonomy":"post_tag","embeddable":true,"href":"https:\/\/blocsenresidencia.bcn.cat\/20242025\/wp-json\/wp\/v2\/tags?post=1719"}],"curies":[{"name":"wp","href":"https:\/\/api.w.org\/{rel}","templated":true}]}}