{"id":1726,"date":"2025-04-07T15:02:11","date_gmt":"2025-04-07T13:02:11","guid":{"rendered":"https:\/\/blocsenresidencia.bcn.cat\/20242025\/2025\/04\/07\/expressant-nos-amb-el-cos\/"},"modified":"2025-04-07T15:02:11","modified_gmt":"2025-04-07T13:02:11","slug":"expressant-nos-amb-el-cos","status":"publish","type":"post","link":"https:\/\/blocsenresidencia.bcn.cat\/20242025\/2025\/04\/07\/expressant-nos-amb-el-cos\/","title":{"rendered":"EXPRESSANT-NOS AMB EL COS"},"content":{"rendered":"<p>Des de <a href=\"https:\/\/blocsenresidencia.bcn.cat\/alzina2025\/expressant-nos-amb-el-cos\/\">Carla Torres EN RESiD\u00c8NCiA a l\u2019Institut L\u2019Alzina<\/a><\/p>\n<div>Una part fonamental de l\u2019obra que estem preparant amb la Carla s\u00f3n les coreografies. No nom\u00e9s ens expressem amb paraules, tamb\u00e9 ho fem amb el nostre cos. Hem muntat diverses coreografies per expressar els nostres sentiments. Una de les coreografies les vam crear fent parelles, ensenyant-nos les nostres vides en una coreografia. Despr\u00e9s es van \u2026 <\/p>\n<p class=\"link-more\"><a href=\"https:\/\/blocsenresidencia.bcn.cat\/alzina2025\/expressant-nos-amb-el-cos\/\" class=\"more-link\">Continua llegint <span class=\"screen-reader-text\">\u00abEXPRESSANT-NOS AMB EL COS\u00bb<\/span><\/a><\/p>\n<\/div>\n","protected":false},"excerpt":{"rendered":"<p>Des de Carla Torres EN RESiD\u00c8NCiA a l\u2019Institut L\u2019Alzina Una part fonamental de l\u2019obra que estem preparant amb la Carla s\u00f3n les coreografies. No nom\u00e9s ens expressem amb paraules, tamb\u00e9 ho fem amb el nostre cos. Hem muntat diverses coreografies per expressar els nostres sentiments. Una de les coreografies les vam crear fent parelles, ensenyant-nos &hellip; <\/p>\n<p class=\"link-more\"><a href=\"https:\/\/blocsenresidencia.bcn.cat\/20242025\/2025\/04\/07\/expressant-nos-amb-el-cos\/\" class=\"more-link\">Continua llegint <span class=\"screen-reader-text\">\u00abEXPRESSANT-NOS AMB EL COS\u00bb<\/span><\/a><\/p>\n","protected":false},"author":5,"featured_media":0,"comment_status":"closed","ping_status":"closed","sticky":false,"template":"","format":"standard","meta":{"footnotes":""},"categories":[1],"tags":[],"class_list":["post-1726","post","type-post","status-publish","format-standard","hentry","category-general"],"_links":{"self":[{"href":"https:\/\/blocsenresidencia.bcn.cat\/20242025\/wp-json\/wp\/v2\/posts\/1726","targetHints":{"allow":["GET"]}}],"collection":[{"href":"https:\/\/blocsenresidencia.bcn.cat\/20242025\/wp-json\/wp\/v2\/posts"}],"about":[{"href":"https:\/\/blocsenresidencia.bcn.cat\/20242025\/wp-json\/wp\/v2\/types\/post"}],"author":[{"embeddable":true,"href":"https:\/\/blocsenresidencia.bcn.cat\/20242025\/wp-json\/wp\/v2\/users\/5"}],"replies":[{"embeddable":true,"href":"https:\/\/blocsenresidencia.bcn.cat\/20242025\/wp-json\/wp\/v2\/comments?post=1726"}],"version-history":[{"count":0,"href":"https:\/\/blocsenresidencia.bcn.cat\/20242025\/wp-json\/wp\/v2\/posts\/1726\/revisions"}],"wp:attachment":[{"href":"https:\/\/blocsenresidencia.bcn.cat\/20242025\/wp-json\/wp\/v2\/media?parent=1726"}],"wp:term":[{"taxonomy":"category","embeddable":true,"href":"https:\/\/blocsenresidencia.bcn.cat\/20242025\/wp-json\/wp\/v2\/categories?post=1726"},{"taxonomy":"post_tag","embeddable":true,"href":"https:\/\/blocsenresidencia.bcn.cat\/20242025\/wp-json\/wp\/v2\/tags?post=1726"}],"curies":[{"name":"wp","href":"https:\/\/api.w.org\/{rel}","templated":true}]}}