{"id":1730,"date":"2025-04-22T12:04:20","date_gmt":"2025-04-22T10:04:20","guid":{"rendered":"https:\/\/blocsenresidencia.bcn.cat\/20242025\/2025\/04\/22\/figures-amb-el-cos\/"},"modified":"2025-04-22T12:04:20","modified_gmt":"2025-04-22T10:04:20","slug":"figures-amb-el-cos","status":"publish","type":"post","link":"https:\/\/blocsenresidencia.bcn.cat\/20242025\/2025\/04\/22\/figures-amb-el-cos\/","title":{"rendered":"Figures amb el cos"},"content":{"rendered":"<p>Des de <a href=\"https:\/\/blocsenresidencia.bcn.cat\/lamina2025\/figures-amb-el-cos\/\">Agn\u00e8s Sales i H\u00e9ctor Plaza EN RESiD\u00c8NCiA a l\u2019Institut Escola La Mina<\/a><\/p>\n<div>Hem canviat de sala a la biblioteca! A l\u2019inici de la sessi\u00f3, ens vam dividir en dos grups de tres persones i vam fer diferents figures a terra. Despr\u00e9s, vam formar una rotllana, i una persona dins de la rotllana es movia per la sala mentre la resta del grup l\u2019havia de seguir. Per \u00faltim, \u2026 <\/p>\n<p class=\"link-more\"><a href=\"https:\/\/blocsenresidencia.bcn.cat\/lamina2025\/figures-amb-el-cos\/\" class=\"more-link\">Continua llegint <span class=\"screen-reader-text\">\u00abFigures amb el cos\u00bb<\/span><\/a><\/p>\n<\/div>\n","protected":false},"excerpt":{"rendered":"<p>Des de Agn\u00e8s Sales i H\u00e9ctor Plaza EN RESiD\u00c8NCiA a l\u2019Institut Escola La Mina Hem canviat de sala a la biblioteca! A l\u2019inici de la sessi\u00f3, ens vam dividir en dos grups de tres persones i vam fer diferents figures a terra. Despr\u00e9s, vam formar una rotllana, i una persona dins de la rotllana es &hellip; <\/p>\n<p class=\"link-more\"><a href=\"https:\/\/blocsenresidencia.bcn.cat\/20242025\/2025\/04\/22\/figures-amb-el-cos\/\" class=\"more-link\">Continua llegint <span class=\"screen-reader-text\">\u00abFigures amb el cos\u00bb<\/span><\/a><\/p>\n","protected":false},"author":5,"featured_media":0,"comment_status":"closed","ping_status":"closed","sticky":false,"template":"","format":"standard","meta":{"footnotes":""},"categories":[1],"tags":[],"class_list":["post-1730","post","type-post","status-publish","format-standard","hentry","category-general"],"_links":{"self":[{"href":"https:\/\/blocsenresidencia.bcn.cat\/20242025\/wp-json\/wp\/v2\/posts\/1730","targetHints":{"allow":["GET"]}}],"collection":[{"href":"https:\/\/blocsenresidencia.bcn.cat\/20242025\/wp-json\/wp\/v2\/posts"}],"about":[{"href":"https:\/\/blocsenresidencia.bcn.cat\/20242025\/wp-json\/wp\/v2\/types\/post"}],"author":[{"embeddable":true,"href":"https:\/\/blocsenresidencia.bcn.cat\/20242025\/wp-json\/wp\/v2\/users\/5"}],"replies":[{"embeddable":true,"href":"https:\/\/blocsenresidencia.bcn.cat\/20242025\/wp-json\/wp\/v2\/comments?post=1730"}],"version-history":[{"count":0,"href":"https:\/\/blocsenresidencia.bcn.cat\/20242025\/wp-json\/wp\/v2\/posts\/1730\/revisions"}],"wp:attachment":[{"href":"https:\/\/blocsenresidencia.bcn.cat\/20242025\/wp-json\/wp\/v2\/media?parent=1730"}],"wp:term":[{"taxonomy":"category","embeddable":true,"href":"https:\/\/blocsenresidencia.bcn.cat\/20242025\/wp-json\/wp\/v2\/categories?post=1730"},{"taxonomy":"post_tag","embeddable":true,"href":"https:\/\/blocsenresidencia.bcn.cat\/20242025\/wp-json\/wp\/v2\/tags?post=1730"}],"curies":[{"name":"wp","href":"https:\/\/api.w.org\/{rel}","templated":true}]}}